{"id":230632,"date":"2026-01-15T22:04:09","date_gmt":"2026-01-15T22:04:09","guid":{"rendered":"https:\/\/www.europesays.com\/pt\/230632\/"},"modified":"2026-01-15T22:04:09","modified_gmt":"2026-01-15T22:04:09","slug":"milena-diz-que-esta-sendo-avaliada-para-tdah","status":"publish","type":"post","link":"https:\/\/www.europesays.com\/pt\/230632\/","title":{"rendered":"Milena diz que est\u00e1 sendo avaliada para TDAH"},"content":{"rendered":"<p class=\"bullet mt-0\" data-v-232111b4=\"\">Milena disse a Babu e Ana Paula que est\u00e1 passando por avalia\u00e7\u00f5es para um poss\u00edvel diagn\u00f3stico de Transtorno do D\u00e9ficit de Aten\u00e7\u00e3o com Hiperatividade (TDAH).<\/p>\n<p>O que aconteceu<\/p>\n<p class=\"bullet\" data-v-232111b4=\"\"><strong>A mineira relatou dificuldade para focar em <\/strong><strong>livros.<\/strong> Eu lendo, eu n\u00e3o consigo entender bem, mas uma pessoa lendo pra mim, eu consigo raciocinar. [&#8230;] Eu entendo muito melhor com uma pessoa lendo em voz alta.<\/p>\n<p class=\"bullet\" data-v-232111b4=\"\"><strong>Milena disse que s\u00f3 consegue ler livros do seu agrado e que tem &#8220;hiperfocos&#8221;.<\/strong> &#8220;Romance, pra mim, \u00e9 maravilhoso. Se eu tiver um livro de romance, eu como ele um dia, mas tem que ser o que eu gosto, porque eu tenho os hiperfocos&#8221;, disse, citando s\u00e9ries como &#8220;Bridgerton&#8221;, &#8220;Crep\u00fasculo&#8221; e &#8220;Di\u00e1rios de Um Vampiro&#8221;. <\/p>\n","protected":false},"excerpt":{"rendered":"Milena disse a Babu e Ana Paula que est\u00e1 passando por avalia\u00e7\u00f5es para um poss\u00edvel diagn\u00f3stico de Transtorno&hellip;\n","protected":false},"author":2,"featured_media":230633,"comment_status":"","ping_status":"","sticky":false,"template":"","format":"standard","meta":{"footnotes":""},"categories":[142],"tags":[114,115,32,33,151],"class_list":{"0":"post-230632","1":"post","2":"type-post","3":"status-publish","4":"format-standard","5":"has-post-thumbnail","7":"category-tv","8":"tag-entertainment","9":"tag-entretenimento","10":"tag-portugal","11":"tag-pt","12":"tag-tv"},"share_on_mastodon":{"url":"https:\/\/pubeurope.com\/@pt\/115901383488925940","error":""},"_links":{"self":[{"href":"https:\/\/www.europesays.com\/pt\/wp-json\/wp\/v2\/posts\/230632","targetHints":{"allow":["GET"]}}],"collection":[{"href":"https:\/\/www.europesays.com\/pt\/wp-json\/wp\/v2\/posts"}],"about":[{"href":"https:\/\/www.europesays.com\/pt\/wp-json\/wp\/v2\/types\/post"}],"author":[{"embeddable":true,"href":"https:\/\/www.europesays.com\/pt\/wp-json\/wp\/v2\/users\/2"}],"replies":[{"embeddable":true,"href":"https:\/\/www.europesays.com\/pt\/wp-json\/wp\/v2\/comments?post=230632"}],"version-history":[{"count":0,"href":"https:\/\/www.europesays.com\/pt\/wp-json\/wp\/v2\/posts\/230632\/revisions"}],"wp:featuredmedia":[{"embeddable":true,"href":"https:\/\/www.europesays.com\/pt\/wp-json\/wp\/v2\/media\/230633"}],"wp:attachment":[{"href":"https:\/\/www.europesays.com\/pt\/wp-json\/wp\/v2\/media?parent=230632"}],"wp:term":[{"taxonomy":"category","embeddable":true,"href":"https:\/\/www.europesays.com\/pt\/wp-json\/wp\/v2\/categories?post=230632"},{"taxonomy":"post_tag","embeddable":true,"href":"https:\/\/www.europesays.com\/pt\/wp-json\/wp\/v2\/tags?post=230632"}],"curies":[{"name":"wp","href":"https:\/\/api.w.org\/{rel}","templated":true}]}}