{"id":230634,"date":"2026-01-15T22:06:16","date_gmt":"2026-01-15T22:06:16","guid":{"rendered":"https:\/\/www.europesays.com\/pt\/230634\/"},"modified":"2026-01-15T22:06:16","modified_gmt":"2026-01-15T22:06:16","slug":"lauren-lavera-de-terrifier-e-torturada-no-trailer-do-novo-terror-do-diretor-de-jogos-mortais-2","status":"publish","type":"post","link":"https:\/\/www.europesays.com\/pt\/230634\/","title":{"rendered":"Lauren LaVera, de \u2018Terrifier\u2019, \u00e9 TORTURADA no trailer do novo TERROR do diretor de \u2018Jogos Mortais 2\u2019"},"content":{"rendered":"<p>O terror \u2018<strong><a href=\"https:\/\/cinepop.com.br\/tag\/twisted\/\" title=\"Twisted\" rel=\"nofollow noopener\" target=\"_blank\">Twisted<\/a><\/strong>\u2018, estrelado por <strong><a href=\"https:\/\/cinepop.com.br\/tag\/lauren-lavera\/\" title=\"Lauren LaVera\" rel=\"nofollow noopener\" target=\"_blank\">Lauren LaVera<\/a><\/strong> (\u2018Terrifier 2\u2019) e <strong><a href=\"https:\/\/cinepop.com.br\/tag\/djimon-hounsou\/\" title=\"Djimon Hounsou\" rel=\"nofollow noopener\" target=\"_blank\">Djimon Hounsou<\/a><\/strong> (\u2018Um Lugar Silencioso: Dia Um\u2019), ganhou o primeiro trailer.<\/p>\n<p>Confira e siga o <a href=\"https:\/\/www.youtube.com\/cinepop?sub_confirmation=1\" target=\"_blank\" rel=\"noopener nofollow\"><strong>CinePOP no Youtube<\/strong><\/a>:<\/p>\n<p>\u201cUma jovem ganha dinheiro r\u00e1pido alugando apartamentos incr\u00edveis na cidade de Nova York que n\u00e3o s\u00e3o seus para pessoas que n\u00e3o sabem que est\u00e3o sendo enganadas. O golpe funciona brilhantemente at\u00e9 que ela encontra um propriet\u00e1rio de apartamento com um segredo obscuro que tem planos ainda mais sombrios\u2026\u201d<\/p>\n<p><strong><a href=\"https:\/\/cinepop.com.br\/tag\/darren-lynn-bousman\/\" title=\"Darren Lynn Bousman\" rel=\"nofollow noopener\" target=\"_blank\">Darren Lynn Bousman<\/a><\/strong> (\u2018Jogos Mortais 2-4\u2019) \u00e9 respons\u00e1vel pela dire\u00e7\u00e3o.<\/p>\n<p class=\"paragraph larva \/\/ lrv-u-margin-lr-auto \"><strong><a href=\"https:\/\/cinepop.com.br\/tag\/jonathan-bernstein\/\" title=\"Jonathan Bernstein\" rel=\"nofollow noopener\" target=\"_blank\">Jonathan Bernstein<\/a><\/strong> e <strong><a href=\"https:\/\/cinepop.com.br\/tag\/james-greer\/\" title=\"James Greer\" rel=\"nofollow noopener\" target=\"_blank\">James Greer<\/a><\/strong> assinam o roteiro.<\/p>\n<p>O elenco ainda conta com <strong>Mia Healey<\/strong> (\u2018The Wilds: Vidas Selvagens\u2019),\u00a0<strong><a href=\"https:\/\/cinepop.com.br\/tag\/jacob-lukas-anderson\/\" title=\"Jacob Lukas Anderson\" rel=\"nofollow noopener\" target=\"_blank\">Jacob Lukas Anderson<\/a><\/strong>,\u00a0<strong><a href=\"https:\/\/cinepop.com.br\/tag\/alicia-witt\/\" title=\"Alicia Witt\" rel=\"nofollow noopener\" target=\"_blank\">Alicia Witt<\/a><\/strong> (\u2018Longlegs \u2013 V\u00ednculo Mortal\u2019), <strong><a href=\"https:\/\/cinepop.com.br\/tag\/gina-philips\/\" title=\"Gina Philips\" rel=\"nofollow noopener\" target=\"_blank\">Gina Philips<\/a><\/strong> (\u2018Olhos Famintos\u2019) e <strong><a href=\"https:\/\/cinepop.com.br\/tag\/neal-mcdonough\/\" title=\"Neal McDonough\" rel=\"nofollow noopener\" target=\"_blank\">Neal McDonough<\/a><\/strong> (\u2018Band Of Brothers\u2019).<\/p>\n<p>O terror ser\u00e1 lan\u00e7ado em VOD no <strong>dia 6 de fevereiro<\/strong>.<\/p>\n<p><img loading=\"lazy\" decoding=\"async\" width=\"648\" height=\"648\" class=\"aioseo-author-bio-compact-image perfmatters-lazy\" alt=\"author avatar\" src=\"https:\/\/www.europesays.com\/pt\/wp-content\/uploads\/2025\/12\/518345902_10227500520808295_3305238399138933993_n.jpg\"\/><br \/>\nFormado em Letras &#8211; Portugu\u00eas\/Literaturas pela UFRJ, apaixonado por cinema e obcecado por filmes de terror.<\/p>\n","protected":false},"excerpt":{"rendered":"O terror \u2018Twisted\u2018, estrelado por Lauren LaVera (\u2018Terrifier 2\u2019) e Djimon Hounsou (\u2018Um Lugar Silencioso: Dia Um\u2019), ganhou&hellip;\n","protected":false},"author":2,"featured_media":230635,"comment_status":"","ping_status":"","sticky":false,"template":"","format":"standard","meta":{"footnotes":""},"categories":[140],"tags":[114,115,147,148,146,32,33],"class_list":{"0":"post-230634","1":"post","2":"type-post","3":"status-publish","4":"format-standard","5":"has-post-thumbnail","7":"category-filmes","8":"tag-entertainment","9":"tag-entretenimento","10":"tag-film","11":"tag-filmes","12":"tag-movies","13":"tag-portugal","14":"tag-pt"},"share_on_mastodon":{"url":"https:\/\/pubeurope.com\/@pt\/115901391465059388","error":""},"_links":{"self":[{"href":"https:\/\/www.europesays.com\/pt\/wp-json\/wp\/v2\/posts\/230634","targetHints":{"allow":["GET"]}}],"collection":[{"href":"https:\/\/www.europesays.com\/pt\/wp-json\/wp\/v2\/posts"}],"about":[{"href":"https:\/\/www.europesays.com\/pt\/wp-json\/wp\/v2\/types\/post"}],"author":[{"embeddable":true,"href":"https:\/\/www.europesays.com\/pt\/wp-json\/wp\/v2\/users\/2"}],"replies":[{"embeddable":true,"href":"https:\/\/www.europesays.com\/pt\/wp-json\/wp\/v2\/comments?post=230634"}],"version-history":[{"count":0,"href":"https:\/\/www.europesays.com\/pt\/wp-json\/wp\/v2\/posts\/230634\/revisions"}],"wp:featuredmedia":[{"embeddable":true,"href":"https:\/\/www.europesays.com\/pt\/wp-json\/wp\/v2\/media\/230635"}],"wp:attachment":[{"href":"https:\/\/www.europesays.com\/pt\/wp-json\/wp\/v2\/media?parent=230634"}],"wp:term":[{"taxonomy":"category","embeddable":true,"href":"https:\/\/www.europesays.com\/pt\/wp-json\/wp\/v2\/categories?post=230634"},{"taxonomy":"post_tag","embeddable":true,"href":"https:\/\/www.europesays.com\/pt\/wp-json\/wp\/v2\/tags?post=230634"}],"curies":[{"name":"wp","href":"https:\/\/api.w.org\/{rel}","templated":true}]}}