{"id":230638,"date":"2026-01-15T22:08:07","date_gmt":"2026-01-15T22:08:07","guid":{"rendered":"https:\/\/www.europesays.com\/pt\/230638\/"},"modified":"2026-01-15T22:08:07","modified_gmt":"2026-01-15T22:08:07","slug":"seu-jantar-pode-estar-atrapalhando-o-controle-de-peso-e-a-saude-entenda-por-que","status":"publish","type":"post","link":"https:\/\/www.europesays.com\/pt\/230638\/","title":{"rendered":"Seu jantar pode estar atrapalhando o controle de peso e a sa\u00fade; entenda por qu\u00ea"},"content":{"rendered":"<p data-component-name=\"paragraph\" class=\"styles__ParagraphStyled-sc-6adecn-0 gsLklW  \">Cada vez mais, pesquisas t\u00eam mostrado que o hor\u00e1rio em que fazemos as refei\u00e7\u00f5es interfere em diversas quest\u00f5es de sa\u00fade, desde o gerenciamento do peso at\u00e9 a maior propens\u00e3o ao desenvolvimento de doen\u00e7as. <\/p>\n<p>\u201cA <a href=\"https:\/\/www.estadao.com.br\/tudo-sobre\/nutricao\" target=\"_blank\" rel=\"nofollow noopener\" title=\"https:\/\/www.estadao.com.br\/tudo-sobre\/nutricao\"><strong>nutri\u00e7\u00e3o<\/strong><\/a> n\u00e3o pode mais ser pensada fora do tempo biol\u00f3gico\u201d, afirma Carlos Eduardo Haluch, coordenador de p\u00f3s-gradua\u00e7\u00e3o da Uni\u00e3o de Ensino Superior do Igua\u00e7u (UNIGUA\u00c7U). \u201cTratar o organismo da mesma forma de manh\u00e3, de tarde ou de noite \u00e9 uma simplifica\u00e7\u00e3o grosseira\u201d, defende.<\/p>\n<p>Segundo Haluch, h\u00e1 evid\u00eancias mostrando que concentrar o maior n\u00famero de calorias durante o dia favorece o equil\u00edbrio glic\u00eamico e o controle do apetite. Por outro lado, transformar o jantar na principal refei\u00e7\u00e3o do dia pode ser o estopim de diversos problemas.<\/p>\n<p data-component-name=\"paragraph\" class=\"styles__ParagraphStyled-sc-6adecn-0 gsLklW  \">Esse \u00e9 um dos principais ensinamentos da <strong>crononutri\u00e7\u00e3o<\/strong>, \u00e1rea que investiga a rela\u00e7\u00e3o entre a <a href=\"https:\/\/www.estadao.com.br\/tudo-sobre\/alimentacao\" target=\"_blank\" rel=\"nofollow noopener\" title=\"https:\/\/www.estadao.com.br\/tudo-sobre\/alimentacao\"><strong>alimenta\u00e7\u00e3o<\/strong><\/a> e o ritmo circadiano e que, al\u00e9m da qualidade e da quantidade de comida, valoriza os hor\u00e1rios das refei\u00e7\u00f5es.<\/p>\n<p><img  loading=\"lazy\" class=\"lazy-load-img\"\/><\/p>\n<p>Jantar muito tarde pode prejudicar o funcionamento do organismo\u00a0Foto:  Pixelated 275\/Adobe Stock <\/p>\n<p>Aten\u00e7\u00e3o especial ao jantar<\/p>\n<p data-component-name=\"paragraph\" class=\"styles__ParagraphStyled-sc-6adecn-0 gsLklW  \">Para o nutr\u00f3logo Durval Ribas Filho, fellow da The Obesity Society (TOS) e presidente da Associa\u00e7\u00e3o Brasileira de Nutrologia (ABRAN) mesmo que seja um campo novo, a crononutri\u00e7\u00e3o remonta ao velho ditado de \u201ccomer como um rei no caf\u00e9 da manh\u00e3, almo\u00e7ar como um pr\u00edncipe e jantar como um plebeu\u201d.<\/p>\n<p data-component-name=\"paragraph\" class=\"styles__ParagraphStyled-sc-6adecn-0 gsLklW  \">\u201cInclusive estudos recentes apontam maior preval\u00eancia de sobrepeso, <a href=\"https:\/\/www.estadao.com.br\/tudo-sobre\/obesidade\" target=\"_blank\" rel=\"nofollow noopener\" title=\"https:\/\/www.estadao.com.br\/tudo-sobre\/obesidade\"><strong>obesidade<\/strong><\/a> e <a href=\"https:\/\/www.estadao.com.br\/tudo-sobre\/diabete\" target=\"_blank\" rel=\"nofollow noopener\" title=\"https:\/\/www.estadao.com.br\/tudo-sobre\/diabete\"><strong>diabetes<\/strong><\/a> e outras doen\u00e7as cr\u00f4nico degenerativas entre aqueles que invertem essas refei\u00e7\u00f5es dentro do contexto do teor cal\u00f3rico\u201d, observa o m\u00e9dico. <\/p>\n<p data-component-name=\"paragraph\" class=\"styles__ParagraphStyled-sc-6adecn-0 gsLklW  \">\u201c<a href=\"https:\/\/doi.org\/10.1038\/s41387-024-00266-6\" target=\"_blank\" rel=\"nofollow noopener\" title=\"https:\/\/doi.org\/10.1038\/s41387-024-00266-6\"><strong>Estudos populacionais<\/strong><\/a> sugerem que refei\u00e7\u00f5es muito pr\u00f3ximas ao hor\u00e1rio de deitar ou ap\u00f3s as 22 horas est\u00e3o associadas a maior risco de diabetes\u201d, refor\u00e7a Renata Juliana da Silva, professora da Etec Uirapuru\/Centro Paula Souza e p\u00f3s-doutoranda da Faculdade de Ci\u00eancias Farmac\u00eauticas da Universidade de S\u00e3o Paulo (USP).<\/p>\n<p data-component-name=\"paragraph\" class=\"styles__ParagraphStyled-sc-6adecn-0 gsLklW  \">Em resumo, comer tarde demais tem um impacto significativo em termos de equil\u00edbrio hormonal, inclusive interferindo em subst\u00e2ncias que regulam a fome. Tamb\u00e9m \u00e9 um comportamento associado a uma menor efici\u00eancia metab\u00f3lica, o que implica em uma desacelera\u00e7\u00e3o no gasto de calorias, por exemplo. <\/p>\n<p data-component-name=\"paragraph\" class=\"styles__ParagraphStyled-sc-6adecn-0 gsLklW  \">\u00c9 importante ter isso em mente sobretudo em um contexto em que, muitas vezes, o jantar \u00e9 a \u00fanica refei\u00e7\u00e3o que as pessoas conseguem realizar em casa e com calma. Esse status de \u201cmomento de indulg\u00eancia\u201d pode contribuir para exageros capazes de desajustar o organismo. <\/p>\n<p data-component-name=\"paragraph\" class=\"styles__ParagraphStyled-sc-6adecn-0 gsLklW  \">Para a endocrinologista Tarissa Petry, do Centro Especializado em Obesidade e Diabetes do Hospital Alem\u00e3o Oswaldo Cruz, em S\u00e3o Paulo, o ideal \u00e9 encerrar o jantar cerca de duas a tr\u00eas horas que precedem o adormecer. Assim, nota ela, ainda se combatem males como o refluxo gastroesof\u00e1gico. <\/p>\n<p data-component-name=\"paragraph\" class=\"styles__ParagraphStyled-sc-6adecn-0 gsLklW  \">\u201cA sugest\u00e3o \u00e9 a de optar por alimentos leves, nada de comida pesada\u201d, diz Ribas-Filho. \u201cUma grande quantidade de calorias nesse per\u00edodo \u00e9 ruim para o metabolismo\u201d, refor\u00e7a Haluch.<\/p>\n<p data-component-name=\"paragraph\" class=\"styles__ParagraphStyled-sc-6adecn-0 gsLklW  \">\u201cSabemos que alimentos classificados como ultraprocessados e ricos em <a href=\"https:\/\/www.estadao.com.br\/tudo-sobre\/gordura\" target=\"_blank\" rel=\"nofollow noopener\" title=\"https:\/\/www.estadao.com.br\/tudo-sobre\/gordura\"><strong>gordura<\/strong><\/a> levam ao esvaziamento g\u00e1strico vagaroso e prejudicam o in\u00edcio do <a href=\"https:\/\/www.estadao.com.br\/tudo-sobre\/sono\/\" target=\"_blank\" rel=\"nofollow noopener\" title=\"https:\/\/www.estadao.com.br\/tudo-sobre\/sono\/\"><strong>sono<\/strong><\/a>\u201d, comenta Let\u00edcia Ramalho, doutora pelo Laborat\u00f3rio de Cronobiologia e Sono, da Universidade Federal do Rio Grande do Sul e membro do Conselho de Nutri\u00e7\u00e3o da Associa\u00e7\u00e3o Brasileira do Sono (ABSONO). <\/p>\n<p class=\"ads-placeholder-label\">CONTiNUA AP\u00d3S PUBLICIDADE<\/p>\n<p>Por falar em sono, ningu\u00e9m questiona que o consumo de caf\u00e9 perto da hora de ir para a cama pode resultar em <a href=\"https:\/\/www.estadao.com.br\/tudo-sobre\/insonia\" target=\"_blank\" rel=\"nofollow noopener\" title=\"https:\/\/www.estadao.com.br\/tudo-sobre\/insonia\"><strong>ins\u00f4nia<\/strong><\/a>. Tem tudo a ver com a cafe\u00edna, subst\u00e2ncia de reconhecida a\u00e7\u00e3o estimulante.<\/p>\n<p>Destaca-se ainda que uma velha pol\u00eamica rodeia a exclus\u00e3o de carboidratos no jantar. Mas esse grupo \u00e9 permitido, sim: basta evitar excessos e fazer as melhores escolhas, priorizando gr\u00e3os integrais, como trigo, aveia, arroz e seus derivados, assim como ra\u00edzes e tub\u00e9rculos, caso da batata, da mandioca, do inhame, entre outros.<\/p>\n<p>Nessa refei\u00e7\u00e3o noturna, al\u00e9m de uma fonte de carboidrato (arroz ou macarr\u00e3o integral, por exemplo), a sugest\u00e3o de Let\u00edcia \u00e9 a de incluir um representante da grupo das prote\u00ednas, que pode ser uma carne magra ou, para a turma dos veganos, uma por\u00e7\u00e3o de leguminosas (<a href=\"https:\/\/www.estadao.com.br\/tudo-sobre\/feijao\" target=\"_blank\" rel=\"nofollow noopener\" title=\"https:\/\/www.estadao.com.br\/tudo-sobre\/feijao\"><strong>feij\u00f5es<\/strong><\/a>, gr\u00e3o-de-bico, lentilha, ervilha). \u201cVale optar por prepara\u00e7\u00f5es assadas ou grelhadas com pouqu\u00edssima gordura\u201d, ensina. <\/p>\n<p data-component-name=\"paragraph\" class=\"styles__ParagraphStyled-sc-6adecn-0 gsLklW  \">\u201cE um ter\u00e7o do prato pode ser reservado \u00e0s hortali\u00e7as\u201d, recomenda. Verduras e legumes v\u00e3o bem em saladas, refogados e demais receitas coloridas, saborosas e cheias de compostos bioativos. Outra dica da nutricionista \u00e9 a de incrementar a refei\u00e7\u00e3o com um mix de sementes, ou seja, de linha\u00e7a, gergelim, girassol, entre outras, tornando tudo mais nutritivo.<\/p>\n<p>No fim das contas, o fundamental \u00e9 evitar abusos ao longo de todo o dia, e n\u00e3o apenas no tempo que antecede os sonhos. \u201c\u00c9 importante que a pessoa tenha h\u00e1bitos regulares\u201d, pontua Haluch. <\/p>\n<p>A seguir, confira o que <strong>evitar perto da hora de dormir<\/strong>, de acordo com a professora Renata:<\/p>\n<ul>\n<li class=\" \">Refei\u00e7\u00f5es volumosas;<\/li>\n<li class=\" \">Alimentos ricos em <a href=\"https:\/\/www.estadao.com.br\/tudo-sobre\/acucar\" target=\"_blank\" rel=\"nofollow noopener\" title=\"https:\/\/www.estadao.com.br\/tudo-sobre\/acucar\"><b>a\u00e7\u00facar<\/b><\/a> (<a href=\"https:\/\/www.estadao.com.br\/tudo-sobre\/refrigerante\/\" target=\"_blank\" rel=\"nofollow noopener\" title=\"https:\/\/www.estadao.com.br\/tudo-sobre\/refrigerante\/\"><b>refrigerantes<\/b><\/a> e bebidas ado\u00e7adas, sucos industrializados e n\u00e9ctares; bolos, tortas e cupcakes; biscoitos recheados; chocolates ao leite e brancos, balas, caramelos e gelatinas industrializadas, cereais matinais a\u00e7ucarados, leites e iogurtes ado\u00e7ados, achocolatados em p\u00f3) ou gordura (frituras, hamb\u00fargueres, pizzas, embutidos, queijos gordurosos, salgadinhos de pacote, manteiga, margarina, creme vegetal, maionese e molhos industrializados).<\/li>\n<li class=\" \"><a href=\"https:\/\/www.estadao.com.br\/tudo-sobre\/alcool\" target=\"_blank\" rel=\"nofollow noopener\" title=\"https:\/\/www.estadao.com.br\/tudo-sobre\/alcool\"><b>Bebidas alco\u00f3licas<\/b><\/a><\/li>\n<li class=\" \">Cafe\u00edna no final do dia. Ela est\u00e1 em itens como <a href=\"https:\/\/www.estadao.com.br\/tudo-sobre\/cafe\" target=\"_blank\" rel=\"nofollow noopener\" title=\"https:\/\/www.estadao.com.br\/tudo-sobre\/cafe\"><b>caf\u00e9<\/b><\/a>, ch\u00e1-preto, ch\u00e1-verde, ch\u00e1-mate, bebidas energ\u00e9ticas industrializadas, refrigerantes tipo cola, produtos \u00e0 base de guaran\u00e1, caf\u00e9 gelado industrializado, shots energ\u00e9ticos (energy shots), chocolate amargo (quanto maior o teor de cacau, mais cafe\u00edna) e cacau em p\u00f3.<\/li>\n<\/ul>\n<p>Caf\u00e9 da manh\u00e3 de rei<\/p>\n<p data-component-name=\"paragraph\" class=\"styles__ParagraphStyled-sc-6adecn-0 gsLklW  \">Se o jantar deve ser comedido, evid\u00eancias se acumulam a favor de um desjejum caprichado.<\/p>\n<p><img  loading=\"lazy\" class=\"lazy-load-img\"\/><\/p>\n<p>Evid\u00eancias mostram benef\u00edcios \u00e0 sa\u00fade quando as pessoas apostam no caf\u00e9 da manh\u00e3\u00a0Foto:  Pic_It\/Adobe Stock <\/p>\n<p data-component-name=\"paragraph\" class=\"styles__ParagraphStyled-sc-6adecn-0 gsLklW  \">Uma <a href=\"https:\/\/www.sciencedirect.com\/science\/article\/abs\/pii\/S0002916525004642\" target=\"_blank\" rel=\"nofollow noopener\" title=\"https:\/\/www.sciencedirect.com\/science\/article\/abs\/pii\/S0002916525004642\"><strong>pesquisa recente<\/strong><\/a>, publicada no peri\u00f3dico cient\u00edfico The American Journal of Clinical Nutrition, mostra que negligenciar o caf\u00e9 da manh\u00e3 e extrapolar no per\u00edodo noturno est\u00e1 associado ao desequil\u00edbrio nas taxas de <a href=\"https:\/\/www.estadao.com.br\/tudo-sobre\/colesterol\" target=\"_blank\" rel=\"nofollow noopener\" title=\"https:\/\/www.estadao.com.br\/tudo-sobre\/colesterol\"><strong>colesterol<\/strong><\/a>, como o aumento nos n\u00edveis de LDL e, portanto, maior propens\u00e3o \u00e0 aterosclerose. Para chegar a essa conclus\u00e3o, foram avaliados dados de mais de 30 mil participantes.<\/p>\n<p data-component-name=\"paragraph\" class=\"styles__ParagraphStyled-sc-6adecn-0 gsLklW  \"><a href=\"https:\/\/academic.oup.com\/jes\/article\/9\/9\/bvaf127\/8241072\" target=\"_blank\" rel=\"nofollow noopener\" title=\"https:\/\/academic.oup.com\/jes\/article\/9\/9\/bvaf127\/8241072\"><strong>Outro trabalho<\/strong><\/a>, de cientistas da Universidade Nara, no Jap\u00e3o, realizado com mais de 927 mil indiv\u00edduos, revela maior risco para fragilidade \u00f3ssea entre pessoas que n\u00e3o consomem nada de manh\u00e3 e jantam muito tarde.<\/p>\n<p data-component-name=\"paragraph\" class=\"styles__ParagraphStyled-sc-6adecn-0 gsLklW  \">Tamb\u00e9m existem trabalhos comprovando que se alimentar direito logo cedo ajuda a combater a obesidade. Nesse caso, ind\u00edcios apontam para uma tend\u00eancia a consumir um card\u00e1pio mais equilibrado entre os adeptos da primeira refei\u00e7\u00e3o.<\/p>\n<p data-component-name=\"paragraph\" class=\"styles__ParagraphStyled-sc-6adecn-0 gsLklW  \">Para Haluch, quem pula o caf\u00e9 da manh\u00e3 geralmente come muito \u00e0 noite, e acorda sem apetite. Da\u00ed vira uma bola de neve. <\/p>\n<p>Como planejar melhor o hor\u00e1rio das refei\u00e7\u00f5es<\/p>\n<p data-component-name=\"paragraph\" class=\"styles__ParagraphStyled-sc-6adecn-0 gsLklW  \">A distribui\u00e7\u00e3o dos alimentos ao longo do tempo tamb\u00e9m precisa levar em conta as prefer\u00eancias individuais e os perfis. Existe uma esp\u00e9cie de classifica\u00e7\u00e3o que ajuda a caracterizar o funcionamento do rel\u00f3gio biol\u00f3gico, definindo o cronotipo. \u201cS\u00e3o tr\u00eas grupos, o dos matutinos, dos vespertinos e dos intermedi\u00e1rios\u201d, explica Let\u00edcia Ramalho.<\/p>\n<p data-component-name=\"paragraph\" class=\"styles__ParagraphStyled-sc-6adecn-0 gsLklW  \">\u201cEles apresentam diferen\u00e7as no desempenho mental, no sono, no pico de temperatura corporal e na secre\u00e7\u00e3o de <a href=\"https:\/\/www.estadao.com.br\/tudo-sobre\/hormonio\/\" target=\"_blank\" rel=\"nofollow noopener\" title=\"https:\/\/www.estadao.com.br\/tudo-sobre\/hormonio\/\"><strong>horm\u00f4nios<\/strong><\/a>\u201d, exemplifica a nutricionista. Tem quem levante da cama no maior pique e do outro lado gente que rende mais no per\u00edodo da tarde.<\/p>\n<p data-component-name=\"paragraph\" class=\"styles__ParagraphStyled-sc-6adecn-0 gsLklW  \">Tamb\u00e9m h\u00e1 distin\u00e7\u00f5es em rela\u00e7\u00e3o aos h\u00e1bitos alimentares. \u201cOs matutinos costumam acordar cedo, com fome e fazem o caf\u00e9 da manh\u00e3 com mais regularidade e qualidade\u201d, comenta Let\u00edcia. J\u00e1 os vespertinos tendem a dispensar essa refei\u00e7\u00e3o.<\/p>\n<p data-component-name=\"paragraph\" class=\"styles__ParagraphStyled-sc-6adecn-0 gsLklW  \">\u201c\u00c9 fundamental respeitar as caracter\u00edsticas individuais e a rotina de cada um\u201d, enfatiza Tarissa. <\/p>\n<p data-component-name=\"paragraph\" class=\"styles__ParagraphStyled-sc-6adecn-0 gsLklW  \">Mas, no geral, vale a pena tentar encaixar o desjejum matinal no dia a dia, de acordo com as predile\u00e7\u00f5es e a disponibilidade, e se programar para fazer um jantar mais leve \u2013 e n\u00e3o t\u00e3o grudado na hora de dormir. Com base nos resultados acumulados at\u00e9 agora na \u00e1rea da crononutri\u00e7\u00e3o, s\u00e3o singelos ajustes que valem a pena. <\/p>\n","protected":false},"excerpt":{"rendered":"Cada vez mais, pesquisas t\u00eam mostrado que o hor\u00e1rio em que fazemos as refei\u00e7\u00f5es interfere em diversas quest\u00f5es&hellip;\n","protected":false},"author":2,"featured_media":230639,"comment_status":"","ping_status":"","sticky":false,"template":"","format":"standard","meta":{"footnotes":""},"categories":[86],"tags":[19951,44214,4182,4022,1094,7482,14766,19953,19954,10670,382,11458,7413,385,39059,116,389,12841,4034,183,44215,186,1108,396,44216,1110,44217,44218,10681,31275,11783,32,33,19970,14313,117,14315,11786,1120,19975,1377],"class_list":{"0":"post-230638","1":"post","2":"type-post","3":"status-publish","4":"format-standard","5":"has-post-thumbnail","7":"category-saude","8":"tag-alarm","9":"tag-alarm-clock","10":"tag-alone","11":"tag-athlete","12":"tag-clock","13":"tag-concept","14":"tag-control","15":"tag-countdown","16":"tag-deadline","17":"tag-diet","18":"tag-dinner","19":"tag-eat","20":"tag-eating","21":"tag-food","22":"tag-fork","23":"tag-health","24":"tag-healthy","25":"tag-healthy-eating","26":"tag-healthy-lifestyle","27":"tag-home","28":"tag-hungry","29":"tag-lifestyle","30":"tag-man","31":"tag-meal","32":"tag-midnight","33":"tag-night","34":"tag-nightlife","35":"tag-nourishment","36":"tag-nutrition","37":"tag-organization","38":"tag-plate","39":"tag-portugal","40":"tag-pt","41":"tag-reminder","42":"tag-routine","43":"tag-saude","44":"tag-sitting","45":"tag-table","46":"tag-time","47":"tag-timer","48":"tag-weight-loss"},"share_on_mastodon":{"url":"https:\/\/pubeurope.com\/@pt\/115901399213868590","error":""},"_links":{"self":[{"href":"https:\/\/www.europesays.com\/pt\/wp-json\/wp\/v2\/posts\/230638","targetHints":{"allow":["GET"]}}],"collection":[{"href":"https:\/\/www.europesays.com\/pt\/wp-json\/wp\/v2\/posts"}],"about":[{"href":"https:\/\/www.europesays.com\/pt\/wp-json\/wp\/v2\/types\/post"}],"author":[{"embeddable":true,"href":"https:\/\/www.europesays.com\/pt\/wp-json\/wp\/v2\/users\/2"}],"replies":[{"embeddable":true,"href":"https:\/\/www.europesays.com\/pt\/wp-json\/wp\/v2\/comments?post=230638"}],"version-history":[{"count":0,"href":"https:\/\/www.europesays.com\/pt\/wp-json\/wp\/v2\/posts\/230638\/revisions"}],"wp:featuredmedia":[{"embeddable":true,"href":"https:\/\/www.europesays.com\/pt\/wp-json\/wp\/v2\/media\/230639"}],"wp:attachment":[{"href":"https:\/\/www.europesays.com\/pt\/wp-json\/wp\/v2\/media?parent=230638"}],"wp:term":[{"taxonomy":"category","embeddable":true,"href":"https:\/\/www.europesays.com\/pt\/wp-json\/wp\/v2\/categories?post=230638"},{"taxonomy":"post_tag","embeddable":true,"href":"https:\/\/www.europesays.com\/pt\/wp-json\/wp\/v2\/tags?post=230638"}],"curies":[{"name":"wp","href":"https:\/\/api.w.org\/{rel}","templated":true}]}}