{"id":230644,"date":"2026-01-15T22:13:18","date_gmt":"2026-01-15T22:13:18","guid":{"rendered":"https:\/\/www.europesays.com\/pt\/230644\/"},"modified":"2026-01-15T22:13:18","modified_gmt":"2026-01-15T22:13:18","slug":"a-doenca-da-saude","status":"publish","type":"post","link":"https:\/\/www.europesays.com\/pt\/230644\/","title":{"rendered":"A Doen\u00e7a da sa\u00fade"},"content":{"rendered":"<p>A sa\u00fade no nosso pa\u00eds tem sido tema de abertura dos mais variados servi\u00e7os noticiosos. Lamentavelmente, a sa\u00fade tem sido not\u00edcia por maus, muito maus, motivos.<br \/>Desde o dia 10 de dezembro que o nosso pa\u00eds regista uma mortalidade persistentemente acima do normal, com valores m\u00e9dios di\u00e1rios superiores a 400 mortes. Estes n\u00fameros representam um excesso de 37% relativamente ao que era expect\u00e1vel, sendo que a expectativa j\u00e1 contava com temperaturas muito frias e com muta\u00e7\u00f5es v\u00e1rias no v\u00edrus da gripe.<br \/>Na \u00faltima semana morreram tr\u00eas cidad\u00e3os \u00e0 espera de socorro por parte da emerg\u00eancia m\u00e9dica. Ouvidas as justifica\u00e7\u00f5es para o sucedido por parte do presidente do INEM, ficou-se a saber que o socorro n\u00e3o teria sido poss\u00edvel por falta de ambul\u00e2ncias, leia-se, falta de ambul\u00e2ncias com automacas. Esta falta deve-se ao facto de as macas das ambul\u00e2ncias ficarem retidas nos servi\u00e7os de urg\u00eancia dos hospitais. Esta reten\u00e7\u00e3o deve-se a dois fatores; por um lado, a demora do atendimento m\u00e9dico, contabilizado em muitas horas no servi\u00e7o de urg\u00eancia dos nossos hospitais e, por outro lado, ao fato de, em muitos casos, mesmo ap\u00f3s o atendimento m\u00e9dico os doentes continuarem \u201cinternados\u201d nas automacas porque os hospitais n\u00e3o t\u00eam camas dispon\u00edveis. No ano passado, o governo acionou um plano extraordin\u00e1rio para garantir mais 100 ambul\u00e2ncias no per\u00edodo cr\u00edtico do inverno e da gripe sazonal. Este ano, apesar das baixas temperaturas que se fariam sentir e da muta\u00e7\u00e3o conhecida do v\u00edrus da gripe, n\u00e3o se apostou no refor\u00e7o preventivo dos meios de socorro. Porqu\u00ea? V\u00e1-se l\u00e1 saber!<br \/>As imagens que chegam a nossas casas dos servi\u00e7os de urg\u00eancia dos hospitais s\u00e3o aterradoras. Al\u00e9m de pessoas que se amontoam em macas nos corredores das urg\u00eancias, passamos a ter pessoas deitadas no ch\u00e3o\u2026 O SNS tem uma dire\u00e7\u00e3o executiva, ali\u00e1s tem um novo presidente nomeado e em fun\u00e7\u00f5es desde fevereiro de 2025. Mas, com tudo isto, ningu\u00e9m tem dado por ele. Imagina-se que n\u00e3o tenha fun\u00e7\u00f5es pol\u00edticas, mas, por certo tem fun\u00e7\u00f5es executivas. Mas n\u00e3o se tem notado qualquer execu\u00e7\u00e3o de pol\u00edticas do SNS, ou n\u00e3o as haver\u00e1? Tamb\u00e9m n\u00e3o tem fun\u00e7\u00f5es de comunica\u00e7\u00e3o, porque quem ouvimos a falar sobre esta quest\u00e3o das mortes foi o presidente do INEM e n\u00e3o o presidente da dire\u00e7\u00e3o executiva do SNS, quando o assunto lhe dizia respeito. Afinal, que fun\u00e7\u00f5es lhe estar\u00e3o reservadas?<br \/>Precisamos de saber o que \u00e9 que faz a estrutura executiva do SNS, desde logo porque \u00e9 um patamar de execu\u00e7\u00e3o de pol\u00edticas numa \u00e1rea t\u00e3o importante como a da sa\u00fade. Sabemos que tem uma estrutura pr\u00f3pria liderada por um Diretor Executivo, auxiliado por um Conselho de Gest\u00e3o, e inclui ainda o Conselho Estrat\u00e9gico (para defini\u00e7\u00e3o de estrat\u00e9gias), a Assembleia de Gestores (participa\u00e7\u00e3o), o Fiscal \u00danico (fiscaliza\u00e7\u00e3o) e o Conselho Consultivo (consulta), visando coordenar a rede de cuidados, melhorar o acesso e a governa\u00e7\u00e3o do SNS.<br \/>S\u00e3o os nossos impostos que pagam este organograma que \u00e9 suposto n\u00e3o ser s\u00f3 isso. Por estes dias, prop\u00f3sito da doen\u00e7a da sa\u00fade, o primeiro-ministro afirmou: \u201ca responsabilidade pol\u00edtica, a primeira \u00e9 minha; e \u00e9 depois de cada um que tem tarefas de administra\u00e7\u00e3o.\u201d Gente com compet\u00eancias executivas \u00e9 muita, mas parece estar t\u00e3o doente como a sa\u00fade em Portugal.<\/p>\n<p><strong>\u00a0* Advogada<\/strong><br \/>\u00a0<\/p>\n<p>\t\t<img decoding=\"async\" src=\"https:\/\/www.europesays.com\/pt\/wp-content\/uploads\/2026\/01\/1768515198_814_thumbs.web.sapo.io.webp\"  loading=\"true\"\/><\/p>\n","protected":false},"excerpt":{"rendered":"A sa\u00fade no nosso pa\u00eds tem sido tema de abertura dos mais variados servi\u00e7os noticiosos. Lamentavelmente, a sa\u00fade&hellip;\n","protected":false},"author":2,"featured_media":230645,"comment_status":"","ping_status":"","sticky":false,"template":"","format":"standard","meta":{"footnotes":""},"categories":[10],"tags":[27,28,15,16,14,25,26,21,22,12,13,19,20,32,23,24,33,17,18,29,30,31],"class_list":{"0":"post-230644","1":"post","2":"type-post","3":"status-publish","4":"format-standard","5":"has-post-thumbnail","7":"category-portugal","8":"tag-breaking-news","9":"tag-breakingnews","10":"tag-featured-news","11":"tag-featurednews","12":"tag-headlines","13":"tag-latest-news","14":"tag-latestnews","15":"tag-main-news","16":"tag-mainnews","17":"tag-news","18":"tag-noticias","19":"tag-noticias-principais","20":"tag-noticiasprincipais","21":"tag-portugal","22":"tag-principais-noticias","23":"tag-principaisnoticias","24":"tag-pt","25":"tag-top-stories","26":"tag-topstories","27":"tag-ultimas","28":"tag-ultimas-noticias","29":"tag-ultimasnoticias"},"share_on_mastodon":{"url":"https:\/\/pubeurope.com\/@pt\/115901418942257853","error":""},"_links":{"self":[{"href":"https:\/\/www.europesays.com\/pt\/wp-json\/wp\/v2\/posts\/230644","targetHints":{"allow":["GET"]}}],"collection":[{"href":"https:\/\/www.europesays.com\/pt\/wp-json\/wp\/v2\/posts"}],"about":[{"href":"https:\/\/www.europesays.com\/pt\/wp-json\/wp\/v2\/types\/post"}],"author":[{"embeddable":true,"href":"https:\/\/www.europesays.com\/pt\/wp-json\/wp\/v2\/users\/2"}],"replies":[{"embeddable":true,"href":"https:\/\/www.europesays.com\/pt\/wp-json\/wp\/v2\/comments?post=230644"}],"version-history":[{"count":0,"href":"https:\/\/www.europesays.com\/pt\/wp-json\/wp\/v2\/posts\/230644\/revisions"}],"wp:featuredmedia":[{"embeddable":true,"href":"https:\/\/www.europesays.com\/pt\/wp-json\/wp\/v2\/media\/230645"}],"wp:attachment":[{"href":"https:\/\/www.europesays.com\/pt\/wp-json\/wp\/v2\/media?parent=230644"}],"wp:term":[{"taxonomy":"category","embeddable":true,"href":"https:\/\/www.europesays.com\/pt\/wp-json\/wp\/v2\/categories?post=230644"},{"taxonomy":"post_tag","embeddable":true,"href":"https:\/\/www.europesays.com\/pt\/wp-json\/wp\/v2\/tags?post=230644"}],"curies":[{"name":"wp","href":"https:\/\/api.w.org\/{rel}","templated":true}]}}