{"id":230646,"date":"2026-01-15T22:14:14","date_gmt":"2026-01-15T22:14:14","guid":{"rendered":"https:\/\/www.europesays.com\/pt\/230646\/"},"modified":"2026-01-15T22:14:14","modified_gmt":"2026-01-15T22:14:14","slug":"mais-de-mil-alunos-da-povoa-de-santa-iria-sensibilizados-para-a-biodiversidade-local","status":"publish","type":"post","link":"https:\/\/www.europesays.com\/pt\/230646\/","title":{"rendered":"Mais de mil alunos da P\u00f3voa de Santa Iria sensibilizados para a biodiversidade local"},"content":{"rendered":"<p>Mais de mil alunos da P\u00f3voa de Santa Iria participaram recentemente na iniciativa de educa\u00e7\u00e3o ambiental \u201cAqui H\u00e1 Biodiversidade\u201d, promovida pela C\u00e2mara Municipal de Vila Franca de Xira. A atividade decorreu entre os dias cinco e nove de janeiro, com a realiza\u00e7\u00e3o de onze sess\u00f5es na Escola B\u00e1sica e Secund\u00e1ria D. Martinho Vaz de Castelo Branco, envolvendo quarenta e uma turmas do s\u00e9timo ao d\u00e9cimo ano de escolaridade, num total aproximado de mil estudantes.<\/p>\n<p>Durante as sess\u00f5es, os alunos contactaram com conceitos fundamentais relacionados com a biodiversidade existente no concelho, nomeadamente os diferentes tipos de esp\u00e9cies, como aut\u00f3ctones, end\u00e9micas, ex\u00f3ticas e invasoras. Foram apresentadas as principais caracter\u00edsticas de cada grupo, assim como exemplos concretos presentes no territ\u00f3rio do concelho de Vila Franca de Xira, permitindo uma maior liga\u00e7\u00e3o entre os conte\u00fados abordados e a realidade local.<\/p>\n<p>A iniciativa deu especial destaque \u00e0 import\u00e2ncia da conserva\u00e7\u00e3o das esp\u00e9cies aut\u00f3ctones e \u00e0 necessidade de controlo das esp\u00e9cies invasoras, sublinhando-se os riscos que estas representam para a biodiversidade local, para os ecossistemas e para o equil\u00edbrio natural. Esta componente te\u00f3rica foi complementada com uma vertente pr\u00e1tica e interativa, atrav\u00e9s de um jogo de quiz online, no qual os alunos foram desafiados a identificar esp\u00e9cies aut\u00f3ctones do concelho a partir de v\u00e1rias op\u00e7\u00f5es apresentadas.<\/p>\n<p>Esta abordagem din\u00e2mica e participativa contribuiu para tornar a aprendizagem mais envolvente, despertando o interesse dos jovens para a biodiversidade e para a prote\u00e7\u00e3o dos habitats naturais. Integrada no Programa Municipal de Educa\u00e7\u00e3o Ambiental, a atividade \u201cAqui H\u00e1 Biodiversidade\u201d tem como principal objetivo sensibilizar a comunidade escolar para a conserva\u00e7\u00e3o da Natureza e para o conhecimento do patrim\u00f3nio natural existente no concelho.<\/p>\n<p>Com esta a\u00e7\u00e3o, o Munic\u00edpio de Vila Franca de Xira refor\u00e7a o seu compromisso na promo\u00e7\u00e3o de uma cidadania ambiental ativa, informada e respons\u00e1vel, apostando na educa\u00e7\u00e3o ambiental como um pilar essencial para a forma\u00e7\u00e3o das gera\u00e7\u00f5es mais jovens e para a constru\u00e7\u00e3o de um futuro mais sustent\u00e1vel.<\/p>\n","protected":false},"excerpt":{"rendered":"Mais de mil alunos da P\u00f3voa de Santa Iria participaram recentemente na iniciativa de educa\u00e7\u00e3o ambiental \u201cAqui H\u00e1&hellip;\n","protected":false},"author":2,"featured_media":230647,"comment_status":"","ping_status":"","sticky":false,"template":"","format":"standard","meta":{"footnotes":""},"categories":[8],"tags":[27,28,15,16,14,25,26,21,22,12,13,19,20,32,23,24,33,17,18,29,30,31],"class_list":{"0":"post-230646","1":"post","2":"type-post","3":"status-publish","4":"format-standard","5":"has-post-thumbnail","7":"category-principais-noticias","8":"tag-breaking-news","9":"tag-breakingnews","10":"tag-featured-news","11":"tag-featurednews","12":"tag-headlines","13":"tag-latest-news","14":"tag-latestnews","15":"tag-main-news","16":"tag-mainnews","17":"tag-news","18":"tag-noticias","19":"tag-noticias-principais","20":"tag-noticiasprincipais","21":"tag-portugal","22":"tag-principais-noticias","23":"tag-principaisnoticias","24":"tag-pt","25":"tag-top-stories","26":"tag-topstories","27":"tag-ultimas","28":"tag-ultimas-noticias","29":"tag-ultimasnoticias"},"share_on_mastodon":{"url":"https:\/\/pubeurope.com\/@pt\/115901422861521135","error":""},"_links":{"self":[{"href":"https:\/\/www.europesays.com\/pt\/wp-json\/wp\/v2\/posts\/230646","targetHints":{"allow":["GET"]}}],"collection":[{"href":"https:\/\/www.europesays.com\/pt\/wp-json\/wp\/v2\/posts"}],"about":[{"href":"https:\/\/www.europesays.com\/pt\/wp-json\/wp\/v2\/types\/post"}],"author":[{"embeddable":true,"href":"https:\/\/www.europesays.com\/pt\/wp-json\/wp\/v2\/users\/2"}],"replies":[{"embeddable":true,"href":"https:\/\/www.europesays.com\/pt\/wp-json\/wp\/v2\/comments?post=230646"}],"version-history":[{"count":0,"href":"https:\/\/www.europesays.com\/pt\/wp-json\/wp\/v2\/posts\/230646\/revisions"}],"wp:featuredmedia":[{"embeddable":true,"href":"https:\/\/www.europesays.com\/pt\/wp-json\/wp\/v2\/media\/230647"}],"wp:attachment":[{"href":"https:\/\/www.europesays.com\/pt\/wp-json\/wp\/v2\/media?parent=230646"}],"wp:term":[{"taxonomy":"category","embeddable":true,"href":"https:\/\/www.europesays.com\/pt\/wp-json\/wp\/v2\/categories?post=230646"},{"taxonomy":"post_tag","embeddable":true,"href":"https:\/\/www.europesays.com\/pt\/wp-json\/wp\/v2\/tags?post=230646"}],"curies":[{"name":"wp","href":"https:\/\/api.w.org\/{rel}","templated":true}]}}