{"id":230654,"date":"2026-01-15T22:20:09","date_gmt":"2026-01-15T22:20:09","guid":{"rendered":"https:\/\/www.europesays.com\/pt\/230654\/"},"modified":"2026-01-15T22:20:09","modified_gmt":"2026-01-15T22:20:09","slug":"sessao-da-tarde-hoje-15-01-filme-o-segredo-ouse-sonhar-e-baseado-em-um-dos-maiores-sucessos-editoriais-de-todos-os-tempos-noticias-de-cinema","status":"publish","type":"post","link":"https:\/\/www.europesays.com\/pt\/230654\/","title":{"rendered":"Sess\u00e3o da Tarde hoje (15\/01): Filme O Segredo: Ouse Sonhar \u00e9 baseado em um dos maiores sucessos editoriais de todos os tempos &#8211; Not\u00edcias de cinema"},"content":{"rendered":"<p>Inspirado no famoso livro de autoajuda O Segredo, o longa vai ao ar nesta quinta-feira na Globo, logo ap\u00f3s as emo\u00e7\u00f5es da novela Terra Nostra.<\/p>\n<p class=\"bo-p\">Se voc\u00ea est\u00e1 precisando de uma palavra amiga e acredita no poder do pensamento positivo, o <b>filme da Sess\u00e3o da Tarde de hoje (15 de janeiro de 2026) <\/b>\u00e9 a escolha perfeita. A partir das <b>15h25 <\/b>(hor\u00e1rio de Bras\u00edlia) desta quinta-feira, a TV Globo exibe o longa <a href=\"https:\/\/www.adorocinema.com\/filmes\/filme-273783\/\" class=\"bo-link\" rel=\"nofollow noopener\" target=\"_blank\">O Segredo: Ouse Sonhar<\/a> (2020), baseado em um best-seller. Confira os detalhes a seguir!<\/p>\n<p>A hist\u00f3ria de O Segredo: Ouse Sonhar, filme da Sess\u00e3o da Tarde na Globo hoje (15\/01)<\/p>\n<p class=\"bo-p\">Na trama, <b>Miranda<\/b> (<a href=\"https:\/\/www.adorocinema.com\/personalidades\/personalidade-16468\/\" class=\"bo-link\" rel=\"nofollow noopener\" target=\"_blank\">Katie Holmes<\/a>), uma vi\u00fava m\u00e3e de tr\u00eas filhos, contrata o trabalhador manual <b>Bray<\/b> (<a href=\"https:\/\/www.adorocinema.com\/personalidades\/personalidade-32973\/\" class=\"bo-link\" rel=\"nofollow noopener\" target=\"_blank\">Josh Lucas<\/a>) para consertar sua casa durante uma grande tempestade. Quando n\u00e3o est\u00e1 fazendo reparos dom\u00e9sticos, o homem aproveita para compartilhar sua filosofia de vida: ele acredita no poder do universo para entregar o que queremos. <\/p>\n<p class=\"bo-p\">A cada dia que passa, ele a ensina sobre a lei da atra\u00e7\u00e3o e o quanto \u00e9 importante crer que os pensamentos positivos t\u00eam um grande poder de influenciar diretamente no dia a dia de qualquer pessoa, sendo poss\u00edvel alcan\u00e7ar qualquer objetivo na vida.<\/p>\n<p>                                <img loading=\"lazy\" decoding=\"async\" class=\"article-figure-img\" src=\"https:\/\/www.europesays.com\/pt\/wp-content\/uploads\/2026\/01\/f40f5501abc3d5d58ae54a48ef0caf50.jpg\" width=\"640\" height=\"320\" alt=\"\"\/><\/p>\n<p>                                    Prime Video<\/p>\n<p>Inspirado em fen\u00f4meno editorial<\/p>\n<p class=\"bo-p\">O filme da Sess\u00e3o da Tarde de hoje na Globo foi baseado no best-seller <b>O Segredo<\/b>, de <b>Rhonda Byrne<\/b>, que teve mais de 40 milh\u00f5es de c\u00f3pias comercializadas ao redor do mundo, entrando para a lista dos livros mais vendidos de todos os tempos. A hist\u00f3ria apresenta ao leitor a <b>ideia de atrair coisas boas para a vida por meio do pensamento positivo<\/b>. <\/p>\n<p>Um presente especial<\/p>\n<p class=\"bo-p\">O que poucos sabem \u00e9 que a obra de autoajuda de 2006 foi influenciada pelo livro de <b>Wallace Wattles<\/b>, <b>A Ci\u00eancia de Ficar Rico<\/b> (1910), que a autora recebeu de presente de sua filha em 2004, durante um per\u00edodo em que enfrentava um trauma pessoal. <\/p>\n<p>Juntos novamente<\/p>\n<p class=\"bo-p\">O longa marca a segunda colabora\u00e7\u00e3o de Josh Lucas com o diretor Andy Tennant, ap\u00f3s <a href=\"https:\/\/www.adorocinema.com\/filmes\/filme-29063\/\" class=\"bo-link\" rel=\"nofollow noopener\" target=\"_blank\">Doce Lar<\/a> (2002). Al\u00e9m disso, <a href=\"https:\/\/www.adorocinema.com\/personalidades\/personalidade-6284\/\" class=\"bo-link\" rel=\"nofollow noopener\" target=\"_blank\">Jerry O&#8217;Connell<\/a>, que contracena com Katie Holmes, foi o respons\u00e1vel pelo roteiro de <a href=\"https:\/\/www.adorocinema.com\/filmes\/filme-51916\/\" class=\"bo-link\" rel=\"nofollow noopener\" target=\"_blank\">First Daughter<\/a> (2004), que tamb\u00e9m teve Katie no elenco.<\/p>\n<p>Diretor de sucesso<\/p>\n<p class=\"bo-p\">O Segredo: Ouse Sonhar tem dire\u00e7\u00e3o de <a href=\"https:\/\/www.adorocinema.com\/personalidades\/personalidade-19803\/\" class=\"bo-link\" rel=\"nofollow noopener\" target=\"_blank\">Andy Tennant<\/a>, que tamb\u00e9m assina o roteiro ao lado de <a href=\"https:\/\/www.adorocinema.com\/personalidades\/personalidade-641351\/\" class=\"bo-link\" rel=\"nofollow noopener\" target=\"_blank\">Bekah Brunstetter<\/a> e <b>Rick Parks<\/b>. Ele tamb\u00e9m j\u00e1 dirigiu filmes como <a href=\"https:\/\/www.adorocinema.com\/filmes\/filme-41950\/\" class=\"bo-link\" rel=\"nofollow noopener\" target=\"_blank\">As Namoradas do Papai<\/a> (1995), <a href=\"https:\/\/www.adorocinema.com\/filmes\/filme-13523\/\" class=\"bo-link\" rel=\"nofollow noopener\" target=\"_blank\">Para Sempre Cinderela<\/a> (1998) e <a href=\"https:\/\/www.adorocinema.com\/filmes\/filme-47705\/\" class=\"bo-link\" rel=\"nofollow noopener\" target=\"_blank\">Hitch, Conselheiro Amoroso<\/a> (2005).<\/p>\n","protected":false},"excerpt":{"rendered":"Inspirado no famoso livro de autoajuda O Segredo, o longa vai ao ar nesta quinta-feira na Globo, logo&hellip;\n","protected":false},"author":2,"featured_media":230655,"comment_status":"","ping_status":"","sticky":false,"template":"","format":"standard","meta":{"footnotes":""},"categories":[140],"tags":[114,115,147,148,146,32,33],"class_list":{"0":"post-230654","1":"post","2":"type-post","3":"status-publish","4":"format-standard","5":"has-post-thumbnail","7":"category-filmes","8":"tag-entertainment","9":"tag-entretenimento","10":"tag-film","11":"tag-filmes","12":"tag-movies","13":"tag-portugal","14":"tag-pt"},"share_on_mastodon":{"url":"https:\/\/pubeurope.com\/@pt\/115901446446467566","error":""},"_links":{"self":[{"href":"https:\/\/www.europesays.com\/pt\/wp-json\/wp\/v2\/posts\/230654","targetHints":{"allow":["GET"]}}],"collection":[{"href":"https:\/\/www.europesays.com\/pt\/wp-json\/wp\/v2\/posts"}],"about":[{"href":"https:\/\/www.europesays.com\/pt\/wp-json\/wp\/v2\/types\/post"}],"author":[{"embeddable":true,"href":"https:\/\/www.europesays.com\/pt\/wp-json\/wp\/v2\/users\/2"}],"replies":[{"embeddable":true,"href":"https:\/\/www.europesays.com\/pt\/wp-json\/wp\/v2\/comments?post=230654"}],"version-history":[{"count":0,"href":"https:\/\/www.europesays.com\/pt\/wp-json\/wp\/v2\/posts\/230654\/revisions"}],"wp:featuredmedia":[{"embeddable":true,"href":"https:\/\/www.europesays.com\/pt\/wp-json\/wp\/v2\/media\/230655"}],"wp:attachment":[{"href":"https:\/\/www.europesays.com\/pt\/wp-json\/wp\/v2\/media?parent=230654"}],"wp:term":[{"taxonomy":"category","embeddable":true,"href":"https:\/\/www.europesays.com\/pt\/wp-json\/wp\/v2\/categories?post=230654"},{"taxonomy":"post_tag","embeddable":true,"href":"https:\/\/www.europesays.com\/pt\/wp-json\/wp\/v2\/tags?post=230654"}],"curies":[{"name":"wp","href":"https:\/\/api.w.org\/{rel}","templated":true}]}}