{"id":230661,"date":"2026-01-15T22:26:13","date_gmt":"2026-01-15T22:26:13","guid":{"rendered":"https:\/\/www.europesays.com\/pt\/230661\/"},"modified":"2026-01-15T22:26:13","modified_gmt":"2026-01-15T22:26:13","slug":"relacoes-com-europa-deixam-a-desejar-observador","status":"publish","type":"post","link":"https:\/\/www.europesays.com\/pt\/230661\/","title":{"rendered":"rela\u00e7\u00f5es com Europa deixam a desejar \u2013 Observador"},"content":{"rendered":"<p>O Presidente da R\u00fassia, Vladimir Putin, afirmou, esta quinta-feira, que as rela\u00e7\u00f5es com os pa\u00edses europeus \u201cdeixam muito a desejar\u201d. O l\u00edder russo mencionou pa\u00edses como \u201cEslov\u00e9nia, Fran\u00e7a, <strong>Portugal<\/strong>, Rep\u00fablica Checa, Noruega, Su\u00e9cia, \u00c1ustria, Su\u00ed\u00e7a e It\u00e1lia\u201d para explicar que \u201ch\u00e1 ra\u00edzes hist\u00f3ricas profundas\u201d nas rela\u00e7\u00f5es com Moscovo e que agora essas rela\u00e7\u00f5es foram deitadas por terra.<\/p>\n<p>Dirigindo-se a dez embaixadores europeus (incluindo Portugal) que lhe apresentaram as suas credenciais numa cerim\u00f3nia no Kremlin, o l\u00edder russo sublinhou \u201cque o di\u00e1logo e os contactos foram reduzidos ao m\u00ednimo, tanto na esfera oficial, empresarial como p\u00fablica, mas n\u00e3o por culpa nossa\u201d.<\/p>\n<p>Vladimir Putin disse que a intera\u00e7\u00e3o com a Europa, que j\u00e1 foi o maior parceiro comercial da R\u00fassia, ficou tamb\u00e9m congelada no que diz respeito ao di\u00e1logo sobre quest\u00f5es internacionais e regionais. \u201cQuero acreditar que, com o tempo, a situa\u00e7\u00e3o ir\u00e1 mudar e os nossos pa\u00edses regressar\u00e3o a uma comunica\u00e7\u00e3o normal e construtiva, baseada no respeito pelos interesses nacionais e na considera\u00e7\u00e3o das leg\u00edtimas preocupa\u00e7\u00f5es de seguran\u00e7a\u201d, afirmou.<\/p>\n<p>Para Vladimir Putin, as rela\u00e7\u00f5es da R\u00fassia com cada um dos pa\u00edses cujos embaixadores estiveram presentes na cerim\u00f3nia desta quinta-feira, incluindo Portugal, t\u00eam \u201cra\u00edzes hist\u00f3ricas profundas e est\u00e3o repletas de exemplos de parcerias mutuamente ben\u00e9ficas e enriquecedora coopera\u00e7\u00e3o cultural\u201d.<\/p>\n<p>\u201cO nosso pa\u00eds aspira a uma paz duradoura e s\u00f3lida que garanta de forma fi\u00e1vel a seguran\u00e7a de cada pessoa. No entanto, nem todos, incluindo Kiev e as capitais que a apoiam, est\u00e3o preparados\u201d, criticou, aludindo aos pa\u00edses europeus aliados da Ucr\u00e2nia.<\/p>\n<p>At\u00e9 que outros pa\u00edses compreendam esta necessidade, Vladimir Putin insistiu que a R\u00fassia continuar\u00e1 a \u201cperseguir os seus objetivos\u201d, reafirmando que a crise na Ucr\u00e2nia \u00e9 consequ\u00eancia \u201cdireta de anos a ignorar os leg\u00edtimos interesses da R\u00fassia e de uma estrat\u00e9gia deliberada para criar uma amea\u00e7a \u00e0 nossa seguran\u00e7a\u201d.<\/p>\n<p>\u201cA seguran\u00e7a deve ser verdadeiramente abrangente e, portanto, igualit\u00e1ria. E n\u00e3o pode ser garantida para alguns em detrimento de outros. Este princ\u00edpio est\u00e1 consagrado em documentos jur\u00eddicos fundamentais. Desconsiderar este princ\u00edpio b\u00e1sico e vital nunca levou a nada de bom, e nunca levar\u00e1\u201d, elaborou Vladimir Putin.<\/p>\n<p>O Presidente russo tamb\u00e9m\u00a0lamentou o desrespeito pela soberania sofrido por dezenas de pa\u00edses em todo o mundo, mas evitou criticar a pol\u00edtica do hom\u00f3logo norte-americano, Donald Trump, em rela\u00e7\u00e3o \u00e0 Venezuela, Gronel\u00e2ndia e Ir\u00e3o.<\/p>\n<p>\u201cDezenas de pa\u00edses de todo o mundo sofrem com o desrespeito pelos seus direitos soberanos, com o caos e a desordem, pois n\u00e3o t\u00eam for\u00e7a nem recursos para se defenderem\u201d, declarou Putin durante uma cerim\u00f3nia de acredita\u00e7\u00e3o de embaixadores em Moscovo no Kremlin, transmitida em direto pela televis\u00e3o.<\/p>\n<p>O l\u00edder russo n\u00e3o mencionou explicitamente a opera\u00e7\u00e3o norte-americana, no in\u00edcio do ano em Caracas, para afastar o Presidente venezuelano, Nicol\u00e1s Maduro, nem as amea\u00e7as de interven\u00e7\u00e3o militar na Gronel\u00e2ndia e no Ir\u00e3o.<\/p>\n<p>Manifestou, no entanto, solidariedade com Cuba em defesa da sua soberania e independ\u00eancia, quando a diplomacia de Washington tem tamb\u00e9m visado o Governo de Havana.<\/p>\n<p>\u201cSempre prest\u00e1mos e continuamos a prestar assist\u00eancia e apoio aos nossos amigos cubanos, e solidarizamo-nos com a sua determina\u00e7\u00e3o em defender a sua soberania e independ\u00eancia com todas as suas for\u00e7as\u201d, disse Putin.<\/p>\n<p>Anteriormente, a porta-voz do Minist\u00e9rio dos Neg\u00f3cios declarou que a R\u00fassia est\u00e1 a acompanhar de perto os acontecimentos na Am\u00e9rica Latina e nas Cara\u00edbas e expressou preocupa\u00e7\u00e3o com o aumento das tens\u00f5es e da ret\u00f3rica deliciosa em rela\u00e7\u00e3o a Cuba.<\/p>\n<p>Ao mesmo tempo, Maria Zakharova observou que qualquer decis\u00e3o do sistema judicial norte-americano em rela\u00e7\u00e3o a Nicol\u00e1s Maduro, capturado em 3 de janeiro pelas for\u00e7as norte-americanas e levado para Nova Iorque, ser\u00e1 ilegal.<\/p>\n<p>\u201cDe acordo com as normas do Direito internacional reconhecidas por todos e baseadas no princ\u00edpio da igualdade soberana dos Estados, Nicol\u00e1s Maduro, enquanto chefe de Estado, goza de imunidade absoluta perante a jurisdi\u00e7\u00e3o dos Estados Unidos e de qualquer outro Estado\u201d, afirmou a porta-voz do Minist\u00e9rio dos Neg\u00f3cios Estrangeiros russo, Maria Zakharova, em confer\u00eancia de imprensa.<\/p>\n<p>A porta-voz da diplomacia de Moscovo comentou ainda que as declara\u00e7\u00f5es ocidentais sobre os alegados planos de Moscovo para a Gronel\u00e2ndia s\u00e3o \u201cum mito\u201d, ap\u00f3s o an\u00fancio do envio de tropas adicionais da NATO para a regi\u00e3o e sugest\u00f5es de Washington nesse sentido.<\/p>\n<p>\u201cO mito de uma alegada amea\u00e7a russa, ardentemente promovido durante muitos anos pela Dinamarca e outros membros da Uni\u00e3o Europeia e da NATO\u201d, \u00e9 \u201cparticularmente amb\u00edguo\u201d \u00e0 luz das recentes declara\u00e7\u00f5es dos Estados Unidos sobre a Gronel\u00e2ndia, declarou Maria Zakharova, aludindo \u00e0s ambi\u00e7\u00f5es da Casa Branca sobre o territ\u00f3rio.<\/p>\n","protected":false},"excerpt":{"rendered":"O Presidente da R\u00fassia, Vladimir Putin, afirmou, esta quinta-feira, que as rela\u00e7\u00f5es com os pa\u00edses europeus \u201cdeixam muito&hellip;\n","protected":false},"author":2,"featured_media":230662,"comment_status":"","ping_status":"","sticky":false,"template":"","format":"standard","meta":{"footnotes":""},"categories":[50],"tags":[27,28,445,15,16,1123,14,25,26,21,22,62,12,13,19,20,23,24,3879,17,18,1124,29,30,31,2415,63,64,65],"class_list":{"0":"post-230661","1":"post","2":"type-post","3":"status-publish","4":"format-standard","5":"has-post-thumbnail","7":"category-mundo","8":"tag-breaking-news","9":"tag-breakingnews","10":"tag-europa","11":"tag-featured-news","12":"tag-featurednews","13":"tag-guerra-na-ucru00e2nia","14":"tag-headlines","15":"tag-latest-news","16":"tag-latestnews","17":"tag-main-news","18":"tag-mainnews","19":"tag-mundo","20":"tag-news","21":"tag-noticias","22":"tag-noticias-principais","23":"tag-noticiasprincipais","24":"tag-principais-noticias","25":"tag-principaisnoticias","26":"tag-ru00fassia","27":"tag-top-stories","28":"tag-topstories","29":"tag-ucru00e2nia","30":"tag-ultimas","31":"tag-ultimas-noticias","32":"tag-ultimasnoticias","33":"tag-vladimir-putin","34":"tag-world","35":"tag-world-news","36":"tag-worldnews"},"share_on_mastodon":{"url":"https:\/\/pubeurope.com\/@pt\/115901470071390753","error":""},"_links":{"self":[{"href":"https:\/\/www.europesays.com\/pt\/wp-json\/wp\/v2\/posts\/230661","targetHints":{"allow":["GET"]}}],"collection":[{"href":"https:\/\/www.europesays.com\/pt\/wp-json\/wp\/v2\/posts"}],"about":[{"href":"https:\/\/www.europesays.com\/pt\/wp-json\/wp\/v2\/types\/post"}],"author":[{"embeddable":true,"href":"https:\/\/www.europesays.com\/pt\/wp-json\/wp\/v2\/users\/2"}],"replies":[{"embeddable":true,"href":"https:\/\/www.europesays.com\/pt\/wp-json\/wp\/v2\/comments?post=230661"}],"version-history":[{"count":0,"href":"https:\/\/www.europesays.com\/pt\/wp-json\/wp\/v2\/posts\/230661\/revisions"}],"wp:featuredmedia":[{"embeddable":true,"href":"https:\/\/www.europesays.com\/pt\/wp-json\/wp\/v2\/media\/230662"}],"wp:attachment":[{"href":"https:\/\/www.europesays.com\/pt\/wp-json\/wp\/v2\/media?parent=230661"}],"wp:term":[{"taxonomy":"category","embeddable":true,"href":"https:\/\/www.europesays.com\/pt\/wp-json\/wp\/v2\/categories?post=230661"},{"taxonomy":"post_tag","embeddable":true,"href":"https:\/\/www.europesays.com\/pt\/wp-json\/wp\/v2\/tags?post=230661"}],"curies":[{"name":"wp","href":"https:\/\/api.w.org\/{rel}","templated":true}]}}