{"id":230669,"date":"2026-01-15T22:30:07","date_gmt":"2026-01-15T22:30:07","guid":{"rendered":"https:\/\/www.europesays.com\/pt\/230669\/"},"modified":"2026-01-15T22:30:07","modified_gmt":"2026-01-15T22:30:07","slug":"projeto-ler-o-mundo-leva-oficina-de-fotografia-para-idosos","status":"publish","type":"post","link":"https:\/\/www.europesays.com\/pt\/230669\/","title":{"rendered":"Projeto &#8216;Ler o Mundo&#8217; leva oficina de fotografia para idosos"},"content":{"rendered":"<p>Projeto &#8216;Ler o Mundo&#8217; leva oficina de fotografia para idosos<\/p>\n<p>Usamos cookies para melhorar sua experi\u00eancia e personalizar conte\u00fado. Ao continuar, voc\u00ea concorda com nossa<br \/>\n<a href=\"https:\/\/pocosja.com.br\/politica-de-privacidade\/\" target=\"_blank\" rel=\"noopener noreferrer nofollow\">Pol\u00edtica de Privacidade<\/a>.<\/p>\n<p>Aceitar<br \/>\nFechar<\/p>\n","protected":false},"excerpt":{"rendered":"Projeto &#8216;Ler o Mundo&#8217; leva oficina de fotografia para idosos Usamos cookies para melhorar sua experi\u00eancia e personalizar&hellip;\n","protected":false},"author":2,"featured_media":230670,"comment_status":"","ping_status":"","sticky":false,"template":"","format":"standard","meta":{"footnotes":""},"categories":[144],"tags":[207,205,206,203,201,202,44221,204,114,115,2085,3385,44222,7713,32,33],"class_list":{"0":"post-230669","1":"post","2":"type-post","3":"status-publish","4":"format-standard","5":"has-post-thumbnail","7":"category-arte-e-design","8":"tag-arte","9":"tag-arte-e-design","10":"tag-artedesign","11":"tag-arts","12":"tag-arts-and-design","13":"tag-artsanddesign","14":"tag-centro-dia-aphas","15":"tag-design","16":"tag-entertainment","17":"tag-entretenimento","18":"tag-fotografia","19":"tag-idosos","20":"tag-ler-o-mundo","21":"tag-oficina","22":"tag-portugal","23":"tag-pt"},"share_on_mastodon":{"url":"https:\/\/pubeurope.com\/@pt\/115901485697933118","error":""},"_links":{"self":[{"href":"https:\/\/www.europesays.com\/pt\/wp-json\/wp\/v2\/posts\/230669","targetHints":{"allow":["GET"]}}],"collection":[{"href":"https:\/\/www.europesays.com\/pt\/wp-json\/wp\/v2\/posts"}],"about":[{"href":"https:\/\/www.europesays.com\/pt\/wp-json\/wp\/v2\/types\/post"}],"author":[{"embeddable":true,"href":"https:\/\/www.europesays.com\/pt\/wp-json\/wp\/v2\/users\/2"}],"replies":[{"embeddable":true,"href":"https:\/\/www.europesays.com\/pt\/wp-json\/wp\/v2\/comments?post=230669"}],"version-history":[{"count":0,"href":"https:\/\/www.europesays.com\/pt\/wp-json\/wp\/v2\/posts\/230669\/revisions"}],"wp:featuredmedia":[{"embeddable":true,"href":"https:\/\/www.europesays.com\/pt\/wp-json\/wp\/v2\/media\/230670"}],"wp:attachment":[{"href":"https:\/\/www.europesays.com\/pt\/wp-json\/wp\/v2\/media?parent=230669"}],"wp:term":[{"taxonomy":"category","embeddable":true,"href":"https:\/\/www.europesays.com\/pt\/wp-json\/wp\/v2\/categories?post=230669"},{"taxonomy":"post_tag","embeddable":true,"href":"https:\/\/www.europesays.com\/pt\/wp-json\/wp\/v2\/tags?post=230669"}],"curies":[{"name":"wp","href":"https:\/\/api.w.org\/{rel}","templated":true}]}}