{"id":230700,"date":"2026-01-15T22:51:07","date_gmt":"2026-01-15T22:51:07","guid":{"rendered":"https:\/\/www.europesays.com\/pt\/230700\/"},"modified":"2026-01-15T22:51:07","modified_gmt":"2026-01-15T22:51:07","slug":"maria-sampaio-e-goncalo-cabral-chegam-a-acordo-e-estao-oficialmente-divorciados-cmjornal-pt","status":"publish","type":"post","link":"https:\/\/www.europesays.com\/pt\/230700\/","title":{"rendered":"Maria Sampaio e Gon\u00e7alo Cabral chegam a acordo e est\u00e3o oficialmente divorciados &#8211; cmjornal.pt"},"content":{"rendered":"<ol>\n<li><a href=\"https:\/\/news.google.com\/rss\/articles\/CBMiwwFBVV95cUxOWnNxMXNQVUxtdzVQVzVEelpBaDlxTEdsNkVFZ1NhbzAtRG5pM1N6UHZKYlk1VUZhckNjeWNMQXRSSEVvcWMxZ3NPc0hOSVhHd2R1Z0JZNl9lbEdCTFE3RmRCUWNxRzBRbU1BV29uVUR6OXRISmVyVXZVT0lfZmNYMVB5MUFNQmFFbktMOGRpU0M1eTU2bXVua1RCMTh2WXJURExwYXBqVWtXOGtrVk5TckdXMWZUcWdhVnkzNGxsSENHQmc?oc=5\" target=\"_blank\" rel=\"nofollow noopener\">Maria Sampaio e Gon\u00e7alo Cabral chegam a acordo e est\u00e3o oficialmente divorciados<\/a>&nbsp;&nbsp;cmjornal.pt<\/li>\n<li><a href=\"https:\/\/news.google.com\/rss\/articles\/CBMivwFBVV95cUxQUmpaZ1dvRnB3Vk5vQkl0Z1ZmeVN2OEdPMkFYUHpyNlVvY2M1ZVp0bEt0UjI2bWJuVlBpbklnN3hsek81b3NMZ1oxcmNwLXMzbXg1TTRxb1ljS2NTYmZpdS1YY1JITkdmbDNvQUdlem1VNlRfcWN6WWcwRkRBbDF1QkxvUzJrR1laSTBtbU45LVdpR2lGSk5PMDZLUjRpN0ZuOGJqODZYcXV2R0hPRDlpMHQzelZ5alNPM2F3S0dGUQ?oc=5\" target=\"_blank\" rel=\"nofollow noopener\">Maria Sampaio \u2013 Revelados detalhes do processo de div\u00f3rcio de Gon\u00e7alo Cabral<\/a>&nbsp;&nbsp;SAPO<\/li>\n<li><a href=\"https:\/\/news.google.com\/rss\/articles\/CBMivgFBVV95cUxQN2JsalR5VUZ5Q3huWi16MXdtQXEtMWdfdG04NUpMOENldlJxWXFFYkJoQU9rMlJWS3NQbnVaakVHUDFvQ29FV1JmWVJEMldOdGhMWWNxbUdaN01SdFAzZjU5NjBERFdKTEZzSjdkN2p5dDBEak1KOVJZcU9nWGV2Tmo1aGptVVZSejFqMl9OZUN3QVByMnp1TDQ3a1dOWkN1Q1RFUUVJT0ZzdjJXLXFIbUhkY1h4SWo4dmQ3OHdB?oc=5\" target=\"_blank\" rel=\"nofollow noopener\">&#8220;Finalmente divorciada&#8221;! Maria Sampaio celebra em v\u00eddeo e fala em &#8220;liberta\u00e7\u00e3o&#8221;<\/a>&nbsp;&nbsp;Fama Show<\/li>\n<li><a href=\"https:\/\/news.google.com\/rss\/articles\/CBMivAFBVV95cUxPaklRQU1DNmRHUDFNc3Y4MkVsMWhDNEpPcTBMRTR6Zl9sclppMnc2djZYM3NEN3lUd2IyVUJBbzJDV1hXdkFLUnh5c2g5Uy1ZeVd4bjRYbTU5UmFodVVUZDZYN2tWaVdzbUZRUDRyajNCaVNYYUhhdkM3Z3NOWmVnRThvRURSNTR1N3ZNNFl0TG9VaE9hSUcwMC1lMkltdDFOTW9KQ0xwZXpUeHhzdG1hZTBpOTB3MVZDMEp6QQ?oc=5\" target=\"_blank\" rel=\"nofollow noopener\">Maria Sampaio revela: &#8220;Finalmente divorciada&#8221;<\/a>&nbsp;&nbsp;SELFIE<\/li>\n<li><a href=\"https:\/\/news.google.com\/rss\/articles\/CBMipgFBVV95cUxNUE15Q1dCWG5qc1ZCRE9BTEI1YmVVZVJRY1I5TWFoNmJqVEVTN09VdlA2VXAyTkNWVDdVSkV0NEVOWFR0cjU2LUhLMzVPMkRISlF1OHotMEQ0U2J2dEYwQkpWakNSR3psOFhyaUpqSUctVk01SlFaWTBicXNlcDE5TjJGZDg0T1NUbjFrOUVHM3NUMm9WVEV2RXdzdGZMVXpObTUzYzdR?oc=5\" target=\"_blank\" rel=\"nofollow noopener\">Maria Sampaio est\u00e1 &#8220;finalmente divorciada&#8221; e n\u00e3o esconde felicidade: &#8220;Vamos festejar&#8221;<\/a>&nbsp;&nbsp;TV 7 Dias<\/li>\n<\/ol>\n","protected":false},"excerpt":{"rendered":"Maria Sampaio e Gon\u00e7alo Cabral chegam a acordo e est\u00e3o oficialmente divorciados&nbsp;&nbsp;cmjornal.pt Maria Sampaio \u2013 Revelados detalhes do&hellip;\n","protected":false},"author":2,"featured_media":230701,"comment_status":"","ping_status":"","sticky":false,"template":"","format":"standard","meta":{"footnotes":""},"categories":[85],"tags":[813,1979,114,115,32,33,218,1934,162,578],"class_list":{"0":"post-230700","1":"post","2":"type-post","3":"status-publish","4":"format-standard","5":"has-post-thumbnail","7":"category-entretenimento","8":"tag-atriz","9":"tag-divorcio","10":"tag-entertainment","11":"tag-entretenimento","12":"tag-portugal","13":"tag-pt","14":"tag-televisao","15":"tag-tiktok","16":"tag-tvi","17":"tag-video"},"share_on_mastodon":{"url":"https:\/\/pubeurope.com\/@pt\/115901568293792292","error":""},"_links":{"self":[{"href":"https:\/\/www.europesays.com\/pt\/wp-json\/wp\/v2\/posts\/230700","targetHints":{"allow":["GET"]}}],"collection":[{"href":"https:\/\/www.europesays.com\/pt\/wp-json\/wp\/v2\/posts"}],"about":[{"href":"https:\/\/www.europesays.com\/pt\/wp-json\/wp\/v2\/types\/post"}],"author":[{"embeddable":true,"href":"https:\/\/www.europesays.com\/pt\/wp-json\/wp\/v2\/users\/2"}],"replies":[{"embeddable":true,"href":"https:\/\/www.europesays.com\/pt\/wp-json\/wp\/v2\/comments?post=230700"}],"version-history":[{"count":0,"href":"https:\/\/www.europesays.com\/pt\/wp-json\/wp\/v2\/posts\/230700\/revisions"}],"wp:featuredmedia":[{"embeddable":true,"href":"https:\/\/www.europesays.com\/pt\/wp-json\/wp\/v2\/media\/230701"}],"wp:attachment":[{"href":"https:\/\/www.europesays.com\/pt\/wp-json\/wp\/v2\/media?parent=230700"}],"wp:term":[{"taxonomy":"category","embeddable":true,"href":"https:\/\/www.europesays.com\/pt\/wp-json\/wp\/v2\/categories?post=230700"},{"taxonomy":"post_tag","embeddable":true,"href":"https:\/\/www.europesays.com\/pt\/wp-json\/wp\/v2\/tags?post=230700"}],"curies":[{"name":"wp","href":"https:\/\/api.w.org\/{rel}","templated":true}]}}