{"id":230708,"date":"2026-01-15T22:57:08","date_gmt":"2026-01-15T22:57:08","guid":{"rendered":"https:\/\/www.europesays.com\/pt\/230708\/"},"modified":"2026-01-15T22:57:08","modified_gmt":"2026-01-15T22:57:08","slug":"supostas-vitimas-de-michael-jackson-pedem-mais-de-r-1-bilhao-em-indenizacao-na-justica","status":"publish","type":"post","link":"https:\/\/www.europesays.com\/pt\/230708\/","title":{"rendered":"Supostas v\u00edtimas de Michael Jackson pedem mais de R$ 1 bilh\u00e3o em indeniza\u00e7\u00e3o na Justi\u00e7a"},"content":{"rendered":"<p><img  loading=\"lazy\" class=\"lazy-load-img\"\/><\/p>\n<p>Michael Jackson durante apresenta\u00e7\u00e3o em S\u00e3o Paulo, em 1993; esp\u00f3lio enfrenta nova disputa judicial nos EUA\u00a0Foto:  Agliberto Lima\/Estad\u00e3o<\/p>\n<p data-component-name=\"paragraph\" class=\"styles__ParagraphStyled-sc-6adecn-0 gsLklW  \">Supostas v\u00edtimas de abuso sexual atribu\u00eddo a <a href=\"https:\/\/www.estadao.com.br\/tudo-sobre\/michael-jackson\" target=\"_blank\" rel=\"nofollow noopener\" title=\"https:\/\/www.estadao.com.br\/tudo-sobre\/michael-jackson\"><strong>Michael Jackson<\/strong><\/a> entraram com um pedido de indeniza\u00e7\u00e3o de US$ 200 milh\u00f5es, cerca de R$ 1,8 bilh\u00e3o, contra o esp\u00f3lio do cantor na Justi\u00e7a americana. A informa\u00e7\u00e3o foi divulgada pelo site TMZ. <\/p>\n<p>O caso envolve <strong>Frank Cascio<\/strong> e seus irm\u00e3os, que alegam que um acordo firmado em 2020 com a fam\u00edlia do artista teria sido feito sob coa\u00e7\u00e3o.<\/p>\n<p>O processo foi apresentado ao tribunal nesta quinta-feira, 15. De um lado, os representantes do esp\u00f3lio classificam a a\u00e7\u00e3o como uma tentativa de extors\u00e3o. Do outro, os advogados da fam\u00edlia Cascio sustentam que os danos psicol\u00f3gicos atribu\u00eddos aos abusos persistem at\u00e9 hoje.<\/p>\n<p>Disputa entre advogados<\/p>\n<p data-component-name=\"paragraph\" class=\"styles__ParagraphStyled-sc-6adecn-0 gsLklW  \">Durante a audi\u00eancia, <strong>Marty Singer<\/strong>, advogado que representa o esp\u00f3lio de Michael Jackson, afirmou que as acusa\u00e7\u00f5es fazem parte de uma estrat\u00e9gia para obten\u00e7\u00e3o de vantagem financeira. A defesa das supostas v\u00edtimas, por sua vez, rejeita essa vers\u00e3o.<\/p>\n<p data-component-name=\"paragraph\" class=\"styles__ParagraphStyled-sc-6adecn-0 gsLklW  \"><strong>Howard King<\/strong>, advogado dos Cascio, afirmou no tribunal que seus clientes seguem traumatizados. Segundo ele, um dos irm\u00e3os estaria \u201cgravemente abalado\u201d pelos epis\u00f3dios relatados. King declarou ainda que as alega\u00e7\u00f5es n\u00e3o s\u00e3o falsas, rebatendo a tese apresentada pelos representantes do patrim\u00f4nio do cantor.<\/p>\n<p data-component-name=\"paragraph\" class=\"styles__ParagraphStyled-sc-6adecn-0 gsLklW  \">O advogado afirmou que, ao assumir o caso em 2024, entrevistou os cinco irm\u00e3os, reunindo mais de dez horas de depoimentos gravados em v\u00eddeo. <\/p>\n<p data-component-name=\"paragraph\" class=\"styles__ParagraphStyled-sc-6adecn-0 gsLklW  \">Para sustentar o valor pedido, King citou um acordo anterior envolvendo Michael Jackson, que teria pago cerca de 25 milh\u00f5es de d\u00f3lares (R$ 134 milh\u00f5es), a um \u00fanico acusador nos anos 1990. No caso atual, s\u00e3o cinco supostas v\u00edtimas.<\/p>\n<p>Hist\u00f3rico de rela\u00e7\u00e3o com o cantor<\/p>\n<p data-component-name=\"paragraph\" class=\"styles__ParagraphStyled-sc-6adecn-0 gsLklW  \">Frank Cascio foi assistente pessoal de Michael Jackson e integrou seu c\u00edrculo pr\u00f3ximo por mais de tr\u00eas d\u00e9cadas. A rela\u00e7\u00e3o teve in\u00edcio ap\u00f3s o pai de Cascio conhecer o cantor enquanto trabalhava em um hotel em Nova York. <\/p>\n<p data-component-name=\"paragraph\" class=\"styles__ParagraphStyled-sc-6adecn-0 gsLklW  \">Com o tempo, Jackson passou a frequentar a casa da fam\u00edlia, especialmente ap\u00f3s os atentados de 11 de setembro, segundo reportagem publicada no New York Amsterdam News.<\/p>\n<p data-component-name=\"paragraph\" class=\"styles__ParagraphStyled-sc-6adecn-0 gsLklW  \">Em 2011, Cascio publicou o livro Meu amigo Michael, no qual defendeu o cantor de forma enf\u00e1tica. No texto, afirmou que o comportamento de Jackson com crian\u00e7as era \u201cinocente\u201d e \u201cmal interpretado\u201d, e disse nunca ter presenciado nada que levantasse suspeitas, nem na inf\u00e2ncia nem na vida adulta.<\/p>\n<p>Acordo confidencial e retomada do conflito<\/p>\n<p data-component-name=\"paragraph\" class=\"styles__ParagraphStyled-sc-6adecn-0 gsLklW  \">De acordo com o esp\u00f3lio, o cen\u00e1rio mudou ap\u00f3s a exibi\u00e7\u00e3o do document\u00e1rio Leaving Neverland, da HBO, em 2019. Segundo os co-executores do patrim\u00f4nio de Jackson, <strong>John Branca<\/strong> e <strong>John McClain<\/strong>, Cascio e seus advogados teriam procurado os administradores do esp\u00f3lio oferecendo materiais e servi\u00e7os de consultoria, o que teria evolu\u00eddo para um impasse judicial.<\/p>\n<p>Em janeiro de 2020, foi firmado um acordo confidencial, com cl\u00e1usulas de arbitragem e pagamentos parcelados ao longo de cinco anos. <\/p>\n<p>O conflito voltou \u00e0 tona em julho de 2024, quando Cascio passou a exigir 213 milh\u00f5es de d\u00f3lares, cerca de R$ 1,15 bilh\u00e3o. Segundo os representantes do esp\u00f3lio, a amea\u00e7a envolvia ampliar a divulga\u00e7\u00e3o das acusa\u00e7\u00f5es e impactar negocia\u00e7\u00f5es comerciais relevantes.<\/p>\n<p>Entre os neg\u00f3cios citados est\u00e1 a venda de 50% do cat\u00e1logo musical de Michael Jackson para a Sony, conclu\u00edda em 2024 por US$ 600 milh\u00f5es (R$ 3,2 bilh\u00f5es). Para o esp\u00f3lio, a nova a\u00e7\u00e3o judicial est\u00e1 diretamente ligada a esse contexto.<\/p>\n","protected":false},"excerpt":{"rendered":"Michael Jackson durante apresenta\u00e7\u00e3o em S\u00e3o Paulo, em 1993; esp\u00f3lio enfrenta nova disputa judicial nos EUA\u00a0Foto: Agliberto Lima\/Estad\u00e3o&hellip;\n","protected":false},"author":2,"featured_media":230709,"comment_status":"","ping_status":"","sticky":false,"template":"","format":"standard","meta":{"footnotes":""},"categories":[145],"tags":[14885,211,210,114,115,32,33],"class_list":{"0":"post-230708","1":"post","2":"type-post","3":"status-publish","4":"format-standard","5":"has-post-thumbnail","7":"category-celebridades","8":"tag-antonio-fagundes","9":"tag-celebridades","10":"tag-celebrities","11":"tag-entertainment","12":"tag-entretenimento","13":"tag-portugal","14":"tag-pt"},"share_on_mastodon":{"url":"https:\/\/pubeurope.com\/@pt\/115901591866246624","error":""},"_links":{"self":[{"href":"https:\/\/www.europesays.com\/pt\/wp-json\/wp\/v2\/posts\/230708","targetHints":{"allow":["GET"]}}],"collection":[{"href":"https:\/\/www.europesays.com\/pt\/wp-json\/wp\/v2\/posts"}],"about":[{"href":"https:\/\/www.europesays.com\/pt\/wp-json\/wp\/v2\/types\/post"}],"author":[{"embeddable":true,"href":"https:\/\/www.europesays.com\/pt\/wp-json\/wp\/v2\/users\/2"}],"replies":[{"embeddable":true,"href":"https:\/\/www.europesays.com\/pt\/wp-json\/wp\/v2\/comments?post=230708"}],"version-history":[{"count":0,"href":"https:\/\/www.europesays.com\/pt\/wp-json\/wp\/v2\/posts\/230708\/revisions"}],"wp:featuredmedia":[{"embeddable":true,"href":"https:\/\/www.europesays.com\/pt\/wp-json\/wp\/v2\/media\/230709"}],"wp:attachment":[{"href":"https:\/\/www.europesays.com\/pt\/wp-json\/wp\/v2\/media?parent=230708"}],"wp:term":[{"taxonomy":"category","embeddable":true,"href":"https:\/\/www.europesays.com\/pt\/wp-json\/wp\/v2\/categories?post=230708"},{"taxonomy":"post_tag","embeddable":true,"href":"https:\/\/www.europesays.com\/pt\/wp-json\/wp\/v2\/tags?post=230708"}],"curies":[{"name":"wp","href":"https:\/\/api.w.org\/{rel}","templated":true}]}}