{"id":230713,"date":"2026-01-15T23:02:12","date_gmt":"2026-01-15T23:02:12","guid":{"rendered":"https:\/\/www.europesays.com\/pt\/230713\/"},"modified":"2026-01-15T23:02:12","modified_gmt":"2026-01-15T23:02:12","slug":"sam-raimi-quer-dirigir-mais-filmes-de-super-herois-mas-nao-recebeu-convites","status":"publish","type":"post","link":"https:\/\/www.europesays.com\/pt\/230713\/","title":{"rendered":"Sam Raimi quer dirigir mais filmes de super-her\u00f3is, mas n\u00e3o recebeu convites"},"content":{"rendered":"<p class=\"wp-block-yoast-seo-estimated-reading-time yoast-reading-time__wrapper\">Estimated reading time: 2 minutos<\/p>\n<p><strong>Sam Raimi<\/strong> ficou marcado por ter comandado a ic\u00f4nica trilogia do <strong>Homem-Aranha<\/strong> com <strong>Tobey Maguire<\/strong>, e depois disso, acabou entrando em um grande hiato com filmes de super-her\u00f3is.<\/p>\n<p>O retorno aconteceu apenas em <strong>Doutor Estranho no Multiverso da Loucura<\/strong>, da <strong>Marvel Studios<\/strong>, de 2022.<\/p>\n<p>E ao que parece, Raimi n\u00e3o planeja demorar tanto para trabalhar novamente no g\u00eanero.<\/p>\n<p>O cineasta est\u00e1 promovendo a estreia do suspense <a href=\"https:\/\/ovicio.com.br\/tag\/socorro\/\" target=\"_blank\" rel=\"noreferrer noopener nofollow\">Socorro!<\/a> nos Estados Unidos e participou de um <strong>Ask me Anything<\/strong> do <strong>Reddit<\/strong>, onde foi questionado sobre qual seria sua maior cr\u00edtica das produ\u00e7\u00f5es modernas envolvendo super-her\u00f3is.<\/p>\n<p>A resposta: &#8220;<strong>Que eles n\u00e3o me oferecem mais deles!<\/strong>&#8220;<\/p>\n<p>Ou seja, tudo depender\u00e1 dos convites.<\/p>\n<p>Leia tamb\u00e9m sobre Socorro!:<\/p>\n<p>Estrelado por\u00a0<strong>Rachel McAdams<\/strong>\u00a0e\u00a0<strong>Dylan O&#8217;Brien<\/strong>, a trama de Socorro! segue uma funcion\u00e1ria e seu chefe presos em uma ilha ap\u00f3s um acidente a\u00e9reo, prometendo entregar o estilo ca\u00f3tico e visceral que consagrou o cineasta.<\/p>\n<p>No Brasil, chegar\u00e1 aos cinemas em <strong>12 de fevereiro<\/strong>.<\/p>\n<p><strong>Fonte<\/strong>: <a href=\"https:\/\/www.reddit.com\/r\/movies\/comments\/1qdihk3\/comment\/nzsh949\/\" target=\"_blank\" rel=\"noreferrer noopener nofollow\">Reddit<\/a><\/p>\n","protected":false},"excerpt":{"rendered":"Estimated reading time: 2 minutos Sam Raimi ficou marcado por ter comandado a ic\u00f4nica trilogia do Homem-Aranha com&hellip;\n","protected":false},"author":2,"featured_media":230714,"comment_status":"","ping_status":"","sticky":false,"template":"","format":"standard","meta":{"footnotes":""},"categories":[140],"tags":[44224,114,115,147,148,5814,792,12733,146,32,33,26321],"class_list":{"0":"post-230713","1":"post","2":"type-post","3":"status-publish","4":"format-standard","5":"has-post-thumbnail","7":"category-filmes","8":"tag-doutor-estranho-no-multiverso-da-loucura","9":"tag-entertainment","10":"tag-entretenimento","11":"tag-film","12":"tag-filmes","13":"tag-homem-aranha","14":"tag-marvel","15":"tag-marvel-studios","16":"tag-movies","17":"tag-portugal","18":"tag-pt","19":"tag-sam-raimi"},"share_on_mastodon":{"url":"https:\/\/pubeurope.com\/@pt\/115901611616506752","error":""},"_links":{"self":[{"href":"https:\/\/www.europesays.com\/pt\/wp-json\/wp\/v2\/posts\/230713","targetHints":{"allow":["GET"]}}],"collection":[{"href":"https:\/\/www.europesays.com\/pt\/wp-json\/wp\/v2\/posts"}],"about":[{"href":"https:\/\/www.europesays.com\/pt\/wp-json\/wp\/v2\/types\/post"}],"author":[{"embeddable":true,"href":"https:\/\/www.europesays.com\/pt\/wp-json\/wp\/v2\/users\/2"}],"replies":[{"embeddable":true,"href":"https:\/\/www.europesays.com\/pt\/wp-json\/wp\/v2\/comments?post=230713"}],"version-history":[{"count":0,"href":"https:\/\/www.europesays.com\/pt\/wp-json\/wp\/v2\/posts\/230713\/revisions"}],"wp:featuredmedia":[{"embeddable":true,"href":"https:\/\/www.europesays.com\/pt\/wp-json\/wp\/v2\/media\/230714"}],"wp:attachment":[{"href":"https:\/\/www.europesays.com\/pt\/wp-json\/wp\/v2\/media?parent=230713"}],"wp:term":[{"taxonomy":"category","embeddable":true,"href":"https:\/\/www.europesays.com\/pt\/wp-json\/wp\/v2\/categories?post=230713"},{"taxonomy":"post_tag","embeddable":true,"href":"https:\/\/www.europesays.com\/pt\/wp-json\/wp\/v2\/tags?post=230713"}],"curies":[{"name":"wp","href":"https:\/\/api.w.org\/{rel}","templated":true}]}}