{"id":230715,"date":"2026-01-15T23:03:10","date_gmt":"2026-01-15T23:03:10","guid":{"rendered":"https:\/\/www.europesays.com\/pt\/230715\/"},"modified":"2026-01-15T23:03:10","modified_gmt":"2026-01-15T23:03:10","slug":"imprensa-internacional-critica-mourinho-apos-eliminacao-na-taca-de-portugal","status":"publish","type":"post","link":"https:\/\/www.europesays.com\/pt\/230715\/","title":{"rendered":"Imprensa internacional critica Mourinho ap\u00f3s elimina\u00e7\u00e3o na Ta\u00e7a de Portugal"},"content":{"rendered":"<p>                O jornal AS escreveu sobre os que est\u00e3o \u201cfartos de Mourinho\u201d, depois de uma <b>\u201cnoite aterrorizadora\u201d<\/b> para os jogadores do Benfica, que durou os 90 minutos de jogo. <b>\u201cO t\u00e9cnico come\u00e7a a desesperar a uns e a outros: aos seus adeptos, pelas derrotas, e aos rivais, pelas suas atitudes&#8221;<\/b>, pode ler-se no di\u00e1rio espanhol.<\/p>\n<p>&#8220;A antiga equipa de Mourinho n\u00e3o deixou passar a oportunidade de ridicularizar o t\u00e9cnico, principalmente depois das declara\u00e7\u00f5es que fez na antevis\u00e3o\u201d, conclui o AS.<\/p>\n<p>Sobre as palavras do t\u00e9cnico benfiquista, nos Pa\u00edses Baixos o Voetbal International recorda que Jos\u00e9 Mourinho considerou <b>\u201cmuito f\u00e1cil perceber que tipo de equipa \u00e9 que o Porto \u00e9\u201d.<\/b><\/p>\n<p>Apesar dos elogios deixados ao perfil de jogo do advers\u00e1rio na confer\u00eancia de antevis\u00e3o ao encontro, o jornal neerland\u00eas exp\u00f5e a \u201cdesilus\u00e3o\u201d do treinador, que acreditava que podia \u201cferir\u201d o clube que orientou entre 2002 e 2004.<\/p>\n<p>Em Fran\u00e7a, o L\u2019\u00c9quipe analisa o resultado do Cl\u00e1ssico e fala num treinador cada vez mais \u201camea\u00e7ado\u201d, referindo-se \u00e0 presta\u00e7\u00e3o de Jos\u00e9 Mourinho na noite da passada quarta-feira.\u00a0<\/p>\n<p>A elimina\u00e7\u00e3o do Benfica da Ta\u00e7a de Portugal tamb\u00e9m foi assunto no Mundo Deportivo e no Globo Esporte, que se focou na estreia do brasileiro Thiago Silva, ex-Fluminense, na equipa do FC Porto.<\/p>\n<p><b>\u201cThiago Silva estreia-se no FC Porto com vit\u00f3ria sobre o rival Benfica na Ta\u00e7a de Portugal e contribuiu para o apuramento para as meias-finais\u201d<\/b>, l\u00ea-se no jornal brasileiro.<\/p>\n<p>O jogo dos quartos de final da prova rainha ficou decidido aos 15 minutos, com o golo solit\u00e1rio de Bednarek, impondo a segunda derrota e elimina\u00e7\u00e3o seguidas ao Benfica, no espa\u00e7o de uma semana.\u00a0<\/p>\n","protected":false},"excerpt":{"rendered":"O jornal AS escreveu sobre os que est\u00e3o \u201cfartos de Mourinho\u201d, depois de uma \u201cnoite aterrorizadora\u201d para os&hellip;\n","protected":false},"author":2,"featured_media":230716,"comment_status":"","ping_status":"","sticky":false,"template":"","format":"standard","meta":{"footnotes":""},"categories":[87],"tags":[135,13,32,33,420,421,134],"class_list":{"0":"post-230715","1":"post","2":"type-post","3":"status-publish","4":"format-standard","5":"has-post-thumbnail","7":"category-desporto","8":"tag-desporto","9":"tag-noticias","10":"tag-portugal","11":"tag-pt","12":"tag-rtp","13":"tag-rtp-noticias","14":"tag-sports"},"share_on_mastodon":{"url":"https:\/\/pubeurope.com\/@pt\/115901615477618556","error":""},"_links":{"self":[{"href":"https:\/\/www.europesays.com\/pt\/wp-json\/wp\/v2\/posts\/230715","targetHints":{"allow":["GET"]}}],"collection":[{"href":"https:\/\/www.europesays.com\/pt\/wp-json\/wp\/v2\/posts"}],"about":[{"href":"https:\/\/www.europesays.com\/pt\/wp-json\/wp\/v2\/types\/post"}],"author":[{"embeddable":true,"href":"https:\/\/www.europesays.com\/pt\/wp-json\/wp\/v2\/users\/2"}],"replies":[{"embeddable":true,"href":"https:\/\/www.europesays.com\/pt\/wp-json\/wp\/v2\/comments?post=230715"}],"version-history":[{"count":0,"href":"https:\/\/www.europesays.com\/pt\/wp-json\/wp\/v2\/posts\/230715\/revisions"}],"wp:featuredmedia":[{"embeddable":true,"href":"https:\/\/www.europesays.com\/pt\/wp-json\/wp\/v2\/media\/230716"}],"wp:attachment":[{"href":"https:\/\/www.europesays.com\/pt\/wp-json\/wp\/v2\/media?parent=230715"}],"wp:term":[{"taxonomy":"category","embeddable":true,"href":"https:\/\/www.europesays.com\/pt\/wp-json\/wp\/v2\/categories?post=230715"},{"taxonomy":"post_tag","embeddable":true,"href":"https:\/\/www.europesays.com\/pt\/wp-json\/wp\/v2\/tags?post=230715"}],"curies":[{"name":"wp","href":"https:\/\/api.w.org\/{rel}","templated":true}]}}