{"id":230717,"date":"2026-01-15T23:05:08","date_gmt":"2026-01-15T23:05:08","guid":{"rendered":"https:\/\/www.europesays.com\/pt\/230717\/"},"modified":"2026-01-15T23:05:08","modified_gmt":"2026-01-15T23:05:08","slug":"em-lagrimas-sonia-jesus-faz-desabafo-nao-estou-bem","status":"publish","type":"post","link":"https:\/\/www.europesays.com\/pt\/230717\/","title":{"rendered":"Em l\u00e1grimas, S\u00f3nia Jesus faz desabafo: &#8220;N\u00e3o estou bem&#8221;"},"content":{"rendered":"<p><a href=\"https:\/\/selfie.iol.pt\/famosos\/sonia-jesus\/alvo-de-assedio-sonia-jesus-deixa-alerta-fiquem-atentas-ao-instagram-dos-vossos-boys\/20251119\/691de1a0d34e3caad84b74d7\" target=\"_blank\" rel=\"nofollow noopener\">S\u00f3nia Jesus<\/a> partilhou um v\u00eddeo no qual fez um emotivo desabafo e, sem conseguir conter as l\u00e1grimas, assumiu n\u00e3o estar bem.<\/p>\n<p>Num v\u00eddeo, a ex-concorrente mostra-se &#8220;com uma carga emocional muito forte&#8221; e assume:\u00a0&#8220;Decidi vir aqui falar um bocadinho com voc\u00eas, porque tamb\u00e9m \u00e9 importante deixar transparecer a realidade. Eu n\u00e3o sou aquela mulher forte, durona, o tempo todo. Tamb\u00e9m tenho dias menos bons.&#8221;<\/p>\n<p>&#8220;Foram anos de tudo a acontecer na minha vida. Passei por v\u00e1rias situa\u00e7\u00f5es na minha vida que exigiram uma carga emocional muito forte da minha parte\u2026 e chega uma fase em que j\u00e1 n\u00e3o aguentamos mais e \u00e9 exatamente isso que est\u00e1 a acontecer&#8221;, confessa S\u00f3nia Jesus, sem conter a emo\u00e7\u00e3o.<\/p>\n<p>&#8220;Se eu n\u00e3o estou a aparecer tanto nas redes sociais, ou se eu n\u00e3o tenho vos passado boa energia, ou se eu n\u00e3o tenho estado t\u00e3o presente na minha loja, \u00e9 porque, de facto, eu tamb\u00e9m n\u00e3o estou bem&#8221;, afirma, ainda, em l\u00e1grimas a ex-concorrente do &#8220;Big Brother&#8221;.<\/p>\n<p>&#8220;Fui m\u00e3e, mulher, empres\u00e1ria, fiz tudo envolta de toda a gente e esqueci-me de mim&#8221;, acrescenta <a href=\"https:\/\/selfie.iol.pt\/famosos\/big-brother\/revelada-reacao-de-vito-a-separacao-de-sonia-jesus\/20251008\/68e66dd4d34e58bc6796a741\" target=\"_blank\" rel=\"nofollow noopener\">S\u00f3nia Jesus<\/a>, que\u00a0deixa um conselho: &#8220;\u00c9 importante saber parar, reconhecer que n\u00e3o estamos bem e procurar ajuda.&#8221;<\/p>\n<p>Recorde-se que a\u00a0ex-concorrente do &#8220;<a href=\"https:\/\/tvi.iol.pt\/bigbrother\/\" target=\"_blank\" rel=\"nofollow noopener\">Big Brother 2020<\/a>&#8221; est\u00e1 separada de\u00a0\u00a0<a href=\"https:\/\/selfie.iol.pt\/famosos\/sonia-jesus\/vito-estava-preso-quando-o-filho-nasceu-foi-complicado-chorou-muito\/20250724\/6881ff38d34ef72ee448ac7e\" target=\"_blank\" rel=\"nofollow noopener\">V\u00edtor Soares<\/a>, conhecido como Vit\u00f3, de quem estava noiva, desde o in\u00edcio do m\u00eas de outubro. O, agora, ex-casal tem tr\u00eas filhos em comum: Maiara, Na\u00edsa\u00a0e Fabian.<\/p>\n<p>\u00a0<\/p>\n<p>\u00a0<\/p>\n","protected":false},"excerpt":{"rendered":"S\u00f3nia Jesus partilhou um v\u00eddeo no qual fez um emotivo desabafo e, sem conseguir conter as l\u00e1grimas, assumiu&hellip;\n","protected":false},"author":2,"featured_media":230718,"comment_status":"","ping_status":"","sticky":false,"template":"","format":"standard","meta":{"footnotes":""},"categories":[85],"tags":[48,114,115,980,1015,619,32,33,1014,1012,20528],"class_list":{"0":"post-230717","1":"post","2":"type-post","3":"status-publish","4":"format-standard","5":"has-post-thumbnail","7":"category-entretenimento","8":"tag-big-brother","9":"tag-entertainment","10":"tag-entretenimento","11":"tag-famosos","12":"tag-instagram","13":"tag-nacional","14":"tag-portugal","15":"tag-pt","16":"tag-reality-show","17":"tag-selfie","18":"tag-sonia-jesus"},"share_on_mastodon":{"url":"https:\/\/pubeurope.com\/@pt\/115901623319262793","error":""},"_links":{"self":[{"href":"https:\/\/www.europesays.com\/pt\/wp-json\/wp\/v2\/posts\/230717","targetHints":{"allow":["GET"]}}],"collection":[{"href":"https:\/\/www.europesays.com\/pt\/wp-json\/wp\/v2\/posts"}],"about":[{"href":"https:\/\/www.europesays.com\/pt\/wp-json\/wp\/v2\/types\/post"}],"author":[{"embeddable":true,"href":"https:\/\/www.europesays.com\/pt\/wp-json\/wp\/v2\/users\/2"}],"replies":[{"embeddable":true,"href":"https:\/\/www.europesays.com\/pt\/wp-json\/wp\/v2\/comments?post=230717"}],"version-history":[{"count":0,"href":"https:\/\/www.europesays.com\/pt\/wp-json\/wp\/v2\/posts\/230717\/revisions"}],"wp:featuredmedia":[{"embeddable":true,"href":"https:\/\/www.europesays.com\/pt\/wp-json\/wp\/v2\/media\/230718"}],"wp:attachment":[{"href":"https:\/\/www.europesays.com\/pt\/wp-json\/wp\/v2\/media?parent=230717"}],"wp:term":[{"taxonomy":"category","embeddable":true,"href":"https:\/\/www.europesays.com\/pt\/wp-json\/wp\/v2\/categories?post=230717"},{"taxonomy":"post_tag","embeddable":true,"href":"https:\/\/www.europesays.com\/pt\/wp-json\/wp\/v2\/tags?post=230717"}],"curies":[{"name":"wp","href":"https:\/\/api.w.org\/{rel}","templated":true}]}}