{"id":230719,"date":"2026-01-15T23:08:10","date_gmt":"2026-01-15T23:08:10","guid":{"rendered":"https:\/\/www.europesays.com\/pt\/230719\/"},"modified":"2026-01-15T23:08:10","modified_gmt":"2026-01-15T23:08:10","slug":"irao-reabre-espaco-aereo-apos-quase-cinco-horas-de-encerramento","status":"publish","type":"post","link":"https:\/\/www.europesays.com\/pt\/230719\/","title":{"rendered":"Ir\u00e3o reabre espa\u00e7o a\u00e9reo ap\u00f3s quase cinco horas de encerramento"},"content":{"rendered":"<p>&#13;<br \/>\nSegundo este portal, o Aviso ao Pessoal da Avia\u00e7\u00e3o expirou e alguns voos retomaram as rotas para Teer\u00e3o ap\u00f3s o encerramento do espa\u00e7o a\u00e9reo que obrigou as companhias a\u00e9reas a cancelar, desviar ou atrasar voos.&#13;\n<\/p>\n<p>&#13;<br \/>\nA mesma plataforma tinha avan\u00e7ado com o aviso, pouco antes das 02:00 (22:30 de quarta-feira em Lisboa), indicando que era v\u00e1lido por &#8220;pouco mais de duas horas&#8221;, per\u00edodo durante o qual apenas os voos internacionais com autoriza\u00e7\u00e3o podiam aterrar ou descolar de territ\u00f3rio iraniano.&#13;\n<\/p>\n<p>&#13;<br \/>\nAs principais companhias a\u00e9reas da \u00cdndia, lideradas pela Air India e pela IndiGo, foram hoje for\u00e7adas a cancelar voos e a redirecionar liga\u00e7\u00f5es internacionais devido ao encerramento do espa\u00e7o a\u00e9reo do Ir\u00e3o.&#13;\n<\/p>\n<p>&#13;<br \/>\n&#8220;Tendo em conta a seguran\u00e7a dos nossos passageiros, os voos da Air India que sobrevoam a regi\u00e3o [Ir\u00e3o] est\u00e3o a utilizar rotas alternativas, o que poder\u00e1 provocar atrasos&#8221;, informou a companhia a\u00e9rea, em comunicado, na rede social X.&#13;\n<\/p>\n<p>&#13;<br \/>\nOutras companhias a\u00e9reas tamb\u00e9m confirmaram altera\u00e7\u00f5es nos seus servi\u00e7os internacionais, ativando protocolos de reembolso e remarca\u00e7\u00e3o para os clientes afetados numa situa\u00e7\u00e3o que descreveram como &#8220;fora do seu controlo&#8221;.&#13;\n<\/p>\n<p>&#13;<br \/>\nO Governo da \u00cdndia emitiu um alerta na quarta-feira, aconselhando os cidad\u00e3os indianos a abandonar o Ir\u00e3o e a evitar viajar para o pa\u00eds &#8220;at\u00e9 novas ordens&#8221;.&#13;\n<\/p>\n<p>&#13;<br \/>\nO Ir\u00e3o est\u00e1 a ser agitado por uma nova vaga de protestos desde 28 de dezembro de 2025, iniciada em Teer\u00e3o por comerciantes e setores econ\u00f3micos afetados pelo colapso do rial, a moeda iraniana, e pela elevada infla\u00e7\u00e3o, alastrando-se depois a mais de 100 cidades do pa\u00eds.&#13;\n<\/p>\n<p>&#13;<br \/>\nAs autoridades iranianas receberam inicialmente com compreens\u00e3o os protestos, mas entretanto endureceram a sua posi\u00e7\u00e3o e repress\u00e3o contra os manifestantes, que passaram a ser tratados como terroristas associados aos Estados Unidos e Israel, a que se juntaram entretanto relatos de condena\u00e7\u00f5es \u00e0 pena de morte e de execu\u00e7\u00f5es extrajudiciais de manifestantes detidos.&#13;\n<\/p>\n<p>&#13;<br \/>\nO Presidente norte-americano, Donald Trump, tem amea\u00e7ado repetidamente as autoridades iranianas com uma interven\u00e7\u00e3o militar contra a Rep\u00fablica Isl\u00e2mica e instou os manifestantes a prosseguirem protestos.&#13;\n<\/p>\n<p>&#13;<br \/>\nO Conselho de Seguran\u00e7a das Na\u00e7\u00f5es Unidas vai reunir-se hoje de emerg\u00eancia para &#8220;uma reuni\u00e3o informativa sobre a situa\u00e7\u00e3o no Ir\u00e3o&#8221;, a pedido dos Estados Unidos, anunciou o porta-voz da presid\u00eancia do Conselho, atualmente nas m\u00e3os da Som\u00e1lia.&#13;\n<\/p>\n<p>&#13;<br \/>\nA reuni\u00e3o do grupo de 15 pa\u00edses est\u00e1 marcada para as 15:00 (22:00 em Lisboa), segundo um comunicado do porta-voz do secret\u00e1rio-geral da ONU, Ant\u00f3nio Guterres.&#13;\n<\/p>\n<p>&#13;<br \/>\nO porta-voz do portugu\u00eas, St\u00e9phane Dujarric, reiterou na quarta-feira, em confer\u00eancia de imprensa, que a ONU &#8220;est\u00e1 extremamente preocupada&#8221; com &#8220;as imagens que surgem de manifestantes mortos pela viol\u00eancia durante os protestos&#8221;.&#13;<\/p>\n","protected":false},"excerpt":{"rendered":"&#13; Segundo este portal, o Aviso ao Pessoal da Avia\u00e7\u00e3o expirou e alguns voos retomaram as rotas para&hellip;\n","protected":false},"author":2,"featured_media":230720,"comment_status":"","ping_status":"","sticky":false,"template":"","format":"standard","meta":{"footnotes":""},"categories":[50],"tags":[27,28,15,16,14,25,26,21,22,62,12,13,19,20,910,23,24,17,18,29,30,31,63,64,65],"class_list":{"0":"post-230719","1":"post","2":"type-post","3":"status-publish","4":"format-standard","5":"has-post-thumbnail","7":"category-mundo","8":"tag-breaking-news","9":"tag-breakingnews","10":"tag-featured-news","11":"tag-featurednews","12":"tag-headlines","13":"tag-latest-news","14":"tag-latestnews","15":"tag-main-news","16":"tag-mainnews","17":"tag-mundo","18":"tag-news","19":"tag-noticias","20":"tag-noticias-principais","21":"tag-noticiasprincipais","22":"tag-onu","23":"tag-principais-noticias","24":"tag-principaisnoticias","25":"tag-top-stories","26":"tag-topstories","27":"tag-ultimas","28":"tag-ultimas-noticias","29":"tag-ultimasnoticias","30":"tag-world","31":"tag-world-news","32":"tag-worldnews"},"share_on_mastodon":{"url":"https:\/\/pubeurope.com\/@pt\/115901635305433157","error":""},"_links":{"self":[{"href":"https:\/\/www.europesays.com\/pt\/wp-json\/wp\/v2\/posts\/230719","targetHints":{"allow":["GET"]}}],"collection":[{"href":"https:\/\/www.europesays.com\/pt\/wp-json\/wp\/v2\/posts"}],"about":[{"href":"https:\/\/www.europesays.com\/pt\/wp-json\/wp\/v2\/types\/post"}],"author":[{"embeddable":true,"href":"https:\/\/www.europesays.com\/pt\/wp-json\/wp\/v2\/users\/2"}],"replies":[{"embeddable":true,"href":"https:\/\/www.europesays.com\/pt\/wp-json\/wp\/v2\/comments?post=230719"}],"version-history":[{"count":0,"href":"https:\/\/www.europesays.com\/pt\/wp-json\/wp\/v2\/posts\/230719\/revisions"}],"wp:featuredmedia":[{"embeddable":true,"href":"https:\/\/www.europesays.com\/pt\/wp-json\/wp\/v2\/media\/230720"}],"wp:attachment":[{"href":"https:\/\/www.europesays.com\/pt\/wp-json\/wp\/v2\/media?parent=230719"}],"wp:term":[{"taxonomy":"category","embeddable":true,"href":"https:\/\/www.europesays.com\/pt\/wp-json\/wp\/v2\/categories?post=230719"},{"taxonomy":"post_tag","embeddable":true,"href":"https:\/\/www.europesays.com\/pt\/wp-json\/wp\/v2\/tags?post=230719"}],"curies":[{"name":"wp","href":"https:\/\/api.w.org\/{rel}","templated":true}]}}