{"id":230721,"date":"2026-01-15T23:09:14","date_gmt":"2026-01-15T23:09:14","guid":{"rendered":"https:\/\/www.europesays.com\/pt\/230721\/"},"modified":"2026-01-15T23:09:14","modified_gmt":"2026-01-15T23:09:14","slug":"bipolarizar-para-concentrar-os-votos-dos-democratas-seguro-afina-estrategia","status":"publish","type":"post","link":"https:\/\/www.europesays.com\/pt\/230721\/","title":{"rendered":"Bipolarizar para concentrar os votos dos &#8220;democratas&#8221;: Seguro afina estrat\u00e9gia"},"content":{"rendered":"<p>Com a sondagem da <a href=\"https:\/\/expresso.pt\/politica\/eleicoes\/presidenciais-2026\/2026-01-13-ventura-e-seguro-lideram-sondagem-da-catolica--59fb9626\" target=\"_blank\" rel=\"noopener noreferrer nofollow\">Universidade Cat\u00f3lica<\/a> a retirar quase todas as hip\u00f3teses a Lu\u00eds Marques Mendes passar \u00e0 segunda volta, passou a haver um eleitorado \u00f3rf\u00e3o que est\u00e1 agora no centro da disputa. Tanto Ant\u00f3nio Jos\u00e9 Seguro como Jo\u00e3o Cotrim de Figueiredo querem convencer os <strong>votantes da AD<\/strong> a confiar-lhes o seu voto. Se o liberal tenta faz\u00ea-lo apelando <a href=\"https:\/\/expresso.pt\/politica\/eleicoes\/presidenciais-2026\/2026-01-14-cotrim-apela-a-montenegro-para-ter-apoio-do-psd-em-corrida-presidencial-a-tres-972c5a6e\" target=\"_blank\" rel=\"noopener noreferrer nofollow\">diretamente ao primeiro-ministro<\/a>, o socialista aposta antes na <strong>bipolariza\u00e7\u00e3o <\/strong>colocando-se como a \u00fanica alternativa \u00e0 extrema-direita. <strong>\u201cAs sondagens mostram que h\u00e1 uma corrida a dois essencialmente\u201d<\/strong>, disse na manh\u00e3 desta quarta-feira, numa visita r\u00e1pida ao mercado municipal de Vila Franca de Xira.<\/p>\n<p><a href=\"https:\/\/expresso.pt\/subscrever?action=GEN&amp;channel=BAF&amp;type=CAP&amp;source=WEB&amp;returnUrl=https:\/\/expresso.pt\/politica\/eleicoes\/presidenciais-2026\/2026-01-14-bipolarizar-para-concentrar-os-votos-dos-democratas-seguro-afina-estrategia-b4b67e08&amp;utm_source=expresso&amp;utm_medium=locked_article&amp;locked=true&amp;article_id=14d8a3a2-3302-4e89-a901-a5fdf7caef66&amp;author_id=Margarida+Coutinho,Nuno+Botelho&amp;category=Presidenciais+2026\" target=\"_self\" class=\"\" rel=\"nofollow noopener\">Subscrever<\/a>J\u00e1 \u00e9 Subscritor?Fa\u00e7a login e continue a ler<a href=\"http:\/\/expresso.pt\/codigo?redirectUrl=https:\/\/expresso.pt\/politica\/eleicoes\/presidenciais-2026\/2026-01-14-bipolarizar-para-concentrar-os-votos-dos-democratas-seguro-afina-estrategia-b4b67e08\" target=\"_self\" class=\"\" rel=\"nofollow noopener\">Inserir C\u00f3digo<\/a>Comprou o Expresso?Insira o c\u00f3digo presente na Revista E para continuar a ler<\/p>\n","protected":false},"excerpt":{"rendered":"Com a sondagem da Universidade Cat\u00f3lica a retirar quase todas as hip\u00f3teses a Lu\u00eds Marques Mendes passar \u00e0&hellip;\n","protected":false},"author":2,"featured_media":230722,"comment_status":"","ping_status":"","sticky":false,"template":"","format":"standard","meta":{"footnotes":""},"categories":[10],"tags":[27,28,15,16,14,25,26,21,22,12,13,19,20,32,23,24,33,17,18,29,30,31],"class_list":{"0":"post-230721","1":"post","2":"type-post","3":"status-publish","4":"format-standard","5":"has-post-thumbnail","7":"category-portugal","8":"tag-breaking-news","9":"tag-breakingnews","10":"tag-featured-news","11":"tag-featurednews","12":"tag-headlines","13":"tag-latest-news","14":"tag-latestnews","15":"tag-main-news","16":"tag-mainnews","17":"tag-news","18":"tag-noticias","19":"tag-noticias-principais","20":"tag-noticiasprincipais","21":"tag-portugal","22":"tag-principais-noticias","23":"tag-principaisnoticias","24":"tag-pt","25":"tag-top-stories","26":"tag-topstories","27":"tag-ultimas","28":"tag-ultimas-noticias","29":"tag-ultimasnoticias"},"share_on_mastodon":{"url":"https:\/\/pubeurope.com\/@pt\/115901639143352713","error":""},"_links":{"self":[{"href":"https:\/\/www.europesays.com\/pt\/wp-json\/wp\/v2\/posts\/230721","targetHints":{"allow":["GET"]}}],"collection":[{"href":"https:\/\/www.europesays.com\/pt\/wp-json\/wp\/v2\/posts"}],"about":[{"href":"https:\/\/www.europesays.com\/pt\/wp-json\/wp\/v2\/types\/post"}],"author":[{"embeddable":true,"href":"https:\/\/www.europesays.com\/pt\/wp-json\/wp\/v2\/users\/2"}],"replies":[{"embeddable":true,"href":"https:\/\/www.europesays.com\/pt\/wp-json\/wp\/v2\/comments?post=230721"}],"version-history":[{"count":0,"href":"https:\/\/www.europesays.com\/pt\/wp-json\/wp\/v2\/posts\/230721\/revisions"}],"wp:featuredmedia":[{"embeddable":true,"href":"https:\/\/www.europesays.com\/pt\/wp-json\/wp\/v2\/media\/230722"}],"wp:attachment":[{"href":"https:\/\/www.europesays.com\/pt\/wp-json\/wp\/v2\/media?parent=230721"}],"wp:term":[{"taxonomy":"category","embeddable":true,"href":"https:\/\/www.europesays.com\/pt\/wp-json\/wp\/v2\/categories?post=230721"},{"taxonomy":"post_tag","embeddable":true,"href":"https:\/\/www.europesays.com\/pt\/wp-json\/wp\/v2\/tags?post=230721"}],"curies":[{"name":"wp","href":"https:\/\/api.w.org\/{rel}","templated":true}]}}