{"id":230723,"date":"2026-01-15T23:10:07","date_gmt":"2026-01-15T23:10:07","guid":{"rendered":"https:\/\/www.europesays.com\/pt\/230723\/"},"modified":"2026-01-15T23:10:07","modified_gmt":"2026-01-15T23:10:07","slug":"casa-branca-diz-que-irao-suspendeu-800-execucoes-previstas-para-quarta-feira","status":"publish","type":"post","link":"https:\/\/www.europesays.com\/pt\/230723\/","title":{"rendered":"Casa Branca diz que Ir\u00e3o suspendeu 800 execu\u00e7\u00f5es previstas para quarta-feira"},"content":{"rendered":"<p>                A Casa Branca garante que estavam previstas 800 execu\u00e7\u00f5es para esta quinta-feira no Ir\u00e3o mas que foram suspensas.<\/p>\n<p>Na quarta-feira, o presidente dos EUA, Donald Trump, tinha anunciado que os <a href=\"https:\/\/www.rtp.pt\/noticias\/mundo\/nao-ha-planos-para-execucoes-trump-diz-que-assassinatos-no-irao-estao-a-diminuir_n1710312\" target=\"_blank\" rel=\"nofollow noopener\">assassinatos no Ir\u00e3o estavam \u201ca diminuir\u201d<\/a> e que n\u00e3o havia planos para execu\u00e7\u00f5es em massa, amenizando a sua ret\u00f3rica sobre um poss\u00edvel ataque contra o Ir\u00e3o.<\/p>\n<p>&#13;<br \/>\n<b>No entanto, a porta-voz da Casa Branca, Karoline Leavitt, afirmou que &#8220;todas as op\u00e7\u00f5es&#8221; continuam em aberto para os Estados Unidos, acrescentando que Trump alertou Teer\u00e3o para &#8220;s\u00e9rias consequ\u00eancias&#8221; caso a repress\u00e3o dos protestos se mantenha.<\/b>&#13;\n<\/p>\n<p>          <img decoding=\"async\" itemprop=\"image\" class=\"img-fluid\"   src=\"https:\/\/www.europesays.com\/pt\/wp-content\/uploads\/2026\/01\/7082c6c6b5d383f73e9e58398de5c59b_N.jpg\"\/><\/p>\n<p> Telejornal, 15 de janeiro de 2026<\/p>\n<p><b>Leavitt confirmou ainda que o presidente norte-americano falou com o primeiro-ministro israelita, Benjamin Netanyahu, que, segundo o New York Times, lhe pediu para n\u00e3o intervir militarmente no Ir\u00e3o.<\/b><\/p>\n<p>Para al\u00e9m do Ir\u00e3o, o jornal avan\u00e7a que o Catar, Ar\u00e1bia Saudita, Om\u00e3 e Egito tamb\u00e9m pediram ao governo de Trump para n\u00e3o atacar o Ir\u00e3o, alertando para o <b>risco de um conflito regional mais amplo<\/b>. <\/p>\n<p>Ao mesmo tempo, essas na\u00e7\u00f5es \u00e1rabes t\u00eam dito \u00e0s autoridades iranianas para n\u00e3o atacarem pa\u00edses da regi\u00e3o caso os Estados Unidos decidam atacar o Ir\u00e3o, diz ainda o NYT, citando altos funcion\u00e1rios destes pa\u00edses. Embora o Om\u00e3 e o Catar tenham mediado as disputas entre o Ir\u00e3o e o Ocidente, os aliados dos EUA, a Ar\u00e1bia Saudita e o Egipto, mant\u00eam rela\u00e7\u00f5es muito mais tensas com Teer\u00e3o.<br \/>&#13;<br \/>\n<b><br \/>&#13;<br \/>\n\u201cAcreditamos no di\u00e1logo e acreditamos na resolu\u00e7\u00e3o de quaisquer diverg\u00eancias na mesa de negocia\u00e7\u00f5es\u201d, disse Adel al-Jubeir, ministro de Estado saudita.<\/b><\/p>\n<p>Trump tem amea\u00e7ado atacar o Ir\u00e3o para defender os manifestantes.<b> Perante esta amea\u00e7a, Teer\u00e3o encerrou o seu espa\u00e7o a\u00e9reo na \u00faltima madrugada durante cinco horas.<\/b><\/p>\n<p>O Ir\u00e3o est\u00e1 a viver uma vaga de protestos desde 28 de dezembro, iniciada em Teer\u00e3o por comerciantes e setores econ\u00f3micos afetados pelo colapso do rial, a moeda iraniana, e pela elevada infla\u00e7\u00e3o. Entretanto, os protestos passaram a ser tamb\u00e9m contra o regime, alastrando-se a mais de 100 cidades.<\/p>\n<p>Estima-se que o n\u00famero de mortos nos protestos seja superior a tr\u00eas mil, superando o n\u00famero de v\u00edtimas de qualquer outra onda de protestos ou dist\u00farbios no Ir\u00e3o em d\u00e9cadas.&#13;\n            <\/p>\n","protected":false},"excerpt":{"rendered":"A Casa Branca garante que estavam previstas 800 execu\u00e7\u00f5es para esta quinta-feira no Ir\u00e3o mas que foram suspensas.&hellip;\n","protected":false},"author":2,"featured_media":230724,"comment_status":"","ping_status":"","sticky":false,"template":"","format":"standard","meta":{"footnotes":""},"categories":[8],"tags":[27,28,5914,413,15,16,14,5453,25,26,21,22,12,13,19,20,32,23,24,33,17,18,29,30,31],"class_list":{"0":"post-230723","1":"post","2":"type-post","3":"status-publish","4":"format-standard","5":"has-post-thumbnail","7":"category-principais-noticias","8":"tag-breaking-news","9":"tag-breakingnews","10":"tag-casa-branca","11":"tag-eua","12":"tag-featured-news","13":"tag-featurednews","14":"tag-headlines","15":"tag-irao","16":"tag-latest-news","17":"tag-latestnews","18":"tag-main-news","19":"tag-mainnews","20":"tag-news","21":"tag-noticias","22":"tag-noticias-principais","23":"tag-noticiasprincipais","24":"tag-portugal","25":"tag-principais-noticias","26":"tag-principaisnoticias","27":"tag-pt","28":"tag-top-stories","29":"tag-topstories","30":"tag-ultimas","31":"tag-ultimas-noticias","32":"tag-ultimasnoticias"},"share_on_mastodon":{"url":"https:\/\/pubeurope.com\/@pt\/115901643329136159","error":""},"_links":{"self":[{"href":"https:\/\/www.europesays.com\/pt\/wp-json\/wp\/v2\/posts\/230723","targetHints":{"allow":["GET"]}}],"collection":[{"href":"https:\/\/www.europesays.com\/pt\/wp-json\/wp\/v2\/posts"}],"about":[{"href":"https:\/\/www.europesays.com\/pt\/wp-json\/wp\/v2\/types\/post"}],"author":[{"embeddable":true,"href":"https:\/\/www.europesays.com\/pt\/wp-json\/wp\/v2\/users\/2"}],"replies":[{"embeddable":true,"href":"https:\/\/www.europesays.com\/pt\/wp-json\/wp\/v2\/comments?post=230723"}],"version-history":[{"count":0,"href":"https:\/\/www.europesays.com\/pt\/wp-json\/wp\/v2\/posts\/230723\/revisions"}],"wp:featuredmedia":[{"embeddable":true,"href":"https:\/\/www.europesays.com\/pt\/wp-json\/wp\/v2\/media\/230724"}],"wp:attachment":[{"href":"https:\/\/www.europesays.com\/pt\/wp-json\/wp\/v2\/media?parent=230723"}],"wp:term":[{"taxonomy":"category","embeddable":true,"href":"https:\/\/www.europesays.com\/pt\/wp-json\/wp\/v2\/categories?post=230723"},{"taxonomy":"post_tag","embeddable":true,"href":"https:\/\/www.europesays.com\/pt\/wp-json\/wp\/v2\/tags?post=230723"}],"curies":[{"name":"wp","href":"https:\/\/api.w.org\/{rel}","templated":true}]}}