{"id":230725,"date":"2026-01-15T23:11:12","date_gmt":"2026-01-15T23:11:12","guid":{"rendered":"https:\/\/www.europesays.com\/pt\/230725\/"},"modified":"2026-01-15T23:11:12","modified_gmt":"2026-01-15T23:11:12","slug":"tomb-raider-sophie-turner-aparece-caracterizada-como-lara-croft-para-nova-serie","status":"publish","type":"post","link":"https:\/\/www.europesays.com\/pt\/230725\/","title":{"rendered":"&#8220;Tomb Raider&#8221;: Sophie Turner aparece caracterizada como Lara Croft para nova s\u00e9rie"},"content":{"rendered":"<p>A produ\u00e7\u00e3o da s\u00e9rie original Tomb Raider, pelo Prime Video, j\u00e1 est\u00e1 em andamento. A primeira imagem da atriz<strong> <\/strong><a href=\"https:\/\/gauchazh.clicrbs.com.br\/donna\/gente\/noticia\/2023\/09\/joe-jonas-e-sophie-turner-confirmam-separacao-decisao-conjunta-clm7rt613001j016na19nto7a.html\" rel=\"nofollow noopener\" target=\"_blank\"><strong>Sophie Turner<\/strong><\/a><strong> como Lara Croft <\/strong>foi revelada nesta quinta-feira (15).<\/p>\n<p>A s\u00e9rie \u00e9 baseada na ic\u00f4nica franquia de videogames Tomb Raider, que acompanha as aventuras da arque\u00f3loga mundialmente conhecida, Lara Croft.<\/p>\n<p>Turner, conhecida por dar vida \u00e0 personagem Sansa Stark, em <a href=\"https:\/\/gauchazh.clicrbs.com.br\/cultura-e-lazer\/tv\/noticia\/2025\/04\/lobo-terrivel-especie-recriada-por-startup-e-a-mesma-de-game-of-thrones-entenda-cm98y2ol1002z013d78sb3ake.html\" rel=\"nofollow noopener\" target=\"_blank\"><strong>Game Of Thrones<\/strong><\/a>, foi confirmada para interpretar Croft em setembro de 2025.<\/p>\n<p>O elenco tamb\u00e9m conta com os nomes recentemente anunciados de Sigourney Weaver (Avatar), Jason Isaacs (<a href=\"https:\/\/gauchazh.clicrbs.com.br\/viral\/noticia\/2026\/01\/cantor-sosia-de-harry-potter-muda-nome-artistico-apos-notificacao-da-warner-bros-entenda-cmk5h90r701c2014ik6ol0kj3.html\" rel=\"nofollow noopener\" target=\"_blank\"><strong>Harry Potter<\/strong><\/a>, The White Lotus), Martin Bobb-Semple (All American), Jack Bannon (Pulse, The Darkness), John Heffernan (Dr\u00e1cula, O Ritual), Bill Paterson (Fleabag), Paterson Joseph (Wonka), Sasha Luss (Anna, Degrada\u00e7\u00e3o), Celia Imrie (O Clube do Crime das Quintas-feiras, Mamma Mia), August Wittgenstein e Juliette Motamed.<\/p>\n<p>O projeto \u00e9 liderado por <strong>Phoebe Waller-Bridge<\/strong> (<a href=\"https:\/\/gauchazh.clicrbs.com.br\/cultura-e-lazer\/tv\/noticia\/2019\/09\/cinco-motivos-para-assistir-a-fleabag-grande-vencedora-do-emmy-2019-ck0wewcq10eyb01tgx720dxg6.html\" rel=\"nofollow noopener\" target=\"_blank\">Fleabag<\/a>), que atua como criadora, roteirista, produtora executiva e co-showrunner, ao lado de Chad Hodge, tamb\u00e9m co-showrunner e produtor executivo. Jonathan Van Tulleken completa a equipe como diretor e produtor executivo.<\/p>\n","protected":false},"excerpt":{"rendered":"A produ\u00e7\u00e3o da s\u00e9rie original Tomb Raider, pelo Prime Video, j\u00e1 est\u00e1 em andamento. A primeira imagem da&hellip;\n","protected":false},"author":2,"featured_media":230726,"comment_status":"","ping_status":"","sticky":false,"template":"","format":"standard","meta":{"footnotes":""},"categories":[145],"tags":[211,210,114,115,6048,32,33,22702],"class_list":{"0":"post-230725","1":"post","2":"type-post","3":"status-publish","4":"format-standard","5":"has-post-thumbnail","7":"category-celebridades","8":"tag-celebridades","9":"tag-celebrities","10":"tag-entertainment","11":"tag-entretenimento","12":"tag-estadao-conteudo","13":"tag-portugal","14":"tag-pt","15":"tag-variedades"},"share_on_mastodon":{"url":"https:\/\/pubeurope.com\/@pt\/115901646944986821","error":""},"_links":{"self":[{"href":"https:\/\/www.europesays.com\/pt\/wp-json\/wp\/v2\/posts\/230725","targetHints":{"allow":["GET"]}}],"collection":[{"href":"https:\/\/www.europesays.com\/pt\/wp-json\/wp\/v2\/posts"}],"about":[{"href":"https:\/\/www.europesays.com\/pt\/wp-json\/wp\/v2\/types\/post"}],"author":[{"embeddable":true,"href":"https:\/\/www.europesays.com\/pt\/wp-json\/wp\/v2\/users\/2"}],"replies":[{"embeddable":true,"href":"https:\/\/www.europesays.com\/pt\/wp-json\/wp\/v2\/comments?post=230725"}],"version-history":[{"count":0,"href":"https:\/\/www.europesays.com\/pt\/wp-json\/wp\/v2\/posts\/230725\/revisions"}],"wp:featuredmedia":[{"embeddable":true,"href":"https:\/\/www.europesays.com\/pt\/wp-json\/wp\/v2\/media\/230726"}],"wp:attachment":[{"href":"https:\/\/www.europesays.com\/pt\/wp-json\/wp\/v2\/media?parent=230725"}],"wp:term":[{"taxonomy":"category","embeddable":true,"href":"https:\/\/www.europesays.com\/pt\/wp-json\/wp\/v2\/categories?post=230725"},{"taxonomy":"post_tag","embeddable":true,"href":"https:\/\/www.europesays.com\/pt\/wp-json\/wp\/v2\/tags?post=230725"}],"curies":[{"name":"wp","href":"https:\/\/api.w.org\/{rel}","templated":true}]}}