{"id":230729,"date":"2026-01-15T23:15:16","date_gmt":"2026-01-15T23:15:16","guid":{"rendered":"https:\/\/www.europesays.com\/pt\/230729\/"},"modified":"2026-01-15T23:15:16","modified_gmt":"2026-01-15T23:15:16","slug":"lamb-of-god-anuncia-detalhes-do-proximo-disco-e-lanca-faixa-titulo-into-oblivion","status":"publish","type":"post","link":"https:\/\/www.europesays.com\/pt\/230729\/","title":{"rendered":"Lamb of God anuncia detalhes do pr\u00f3ximo disco e lan\u00e7a faixa-t\u00edtulo &#8220;Into Oblivion&#8221;"},"content":{"rendered":"<p>A banda Lamb of God anunciou nesta quinta-feira (15 de janeiro) detalhes sobre o pr\u00f3ximo disco de est\u00fadio. Intitulado &#8220;Into Oblivion&#8221;, o trabalho sucede &#8220;Omens&#8221; (2022) e tem lan\u00e7amento programado para o dia 13 de mar\u00e7o.<\/p>\n<p><a href=\"https:\/\/whiplash.net\/bandas\/l\/lambofgod.html\" class=\"linkBotao\" rel=\"nofollow noopener\" target=\"_blank\">Lamb Of God &#8211; Mais Novidades<\/a><br \/><a target=\"_blank\" href=\"https:\/\/www.europesays.com\/pt\/wp-content\/uploads\/2025\/11\/lambofgod_vevo_512_yt.jpg\"><img loading=\"lazy\" decoding=\"async\" src=\"https:\/\/www.europesays.com\/pt\/wp-content\/uploads\/2025\/11\/lambofgod_vevo_512_yt.jpg\" class=\"widthConstrained\" width=\"700\" height=\"464\" alt=\"Foto: Youtube - Vevo\"\/><\/a>Foto: Youtube &#8211; Vevo<\/p>\n<p>&#8220;&#8216;Into Oblivion&#8217;, mostra a banda assumindo sua posi\u00e7\u00e3o como veteranos da m\u00fasica; sem d\u00edvidas com ningu\u00e9m, sem nada a provar. Inspirando-se na natureza tumultuada do panorama pol\u00edtico e cultural americano, o grupo explora novos territ\u00f3rios sonoros, ao mesmo tempo que faz refer\u00eancia \u00e0s suas ra\u00edzes e refor\u00e7a o seu groove caracter\u00edstico. &#8216;Into Oblivion&#8217; \u00e9 uma manifesta\u00e7\u00e3o fulgurante de d\u00e9cadas de explora\u00e7\u00e3o, aperfei\u00e7oamento e pioneirismo no metal do s\u00e9culo XXI&#8221;, diz release publicado no <a href=\"https:\/\/shop.lamb-of-god.com\/products\/into-oblivion-deluxe-neon-green-signed-lp-webstore-exclusive\" rel=\"nofollow noopener\" target=\"_blank\">site oficial do Lamb of God<\/a>.<\/p>\n<p>CONTINUA DEPOIS DA PUBLICIDADE &#8211; CLI<\/p>\n<p>&#13;<br \/>\n&#13;<br \/>\n&#13;<br \/>\n&#13;<br \/>\n&#13;<br \/>\n&#13;<br \/>\n&#13;<br \/>\n&#13;<br \/>\n<a href=\"https:\/\/whiplash.net\/materias\/whiplash\/027002.html\" rel=\"nofollow noopener\" target=\"_blank\"><img decoding=\"async\" src=\"https:\/\/www.europesays.com\/pt\/wp-content\/uploads\/2026\/01\/1767746289_757_anunciar_diabo_336x280.gif\" loading=\"lazy\" width=\"336\" height=\"280\" class=\"widthConstrained\" style=\"background-color:#000000;display:block;\" alt=\"Anunciar bandas e shows de Rock e Heavy Metal\"\/><\/a>&#13;<\/p>\n<p>No mesmo dia em que anunciou &#8220;Into Oblivion&#8221;, o Lamb of God lan\u00e7ou a faixa que d\u00e1 nome ao \u00e1lbum. O clipe oficial da m\u00fasica foi disponibilizado no canal oficial do grupo e pode ser conferido abaixo.<\/p>\n<p>\u25ba&#8221; src=&#8221;https:\/\/www.youtube.com\/embed\/QIKEy_xgBjk&#8221; width=&#8221;560&#8243; height=&#8221;315&#8243; allow=&#8221;accelerometer; autoplay; clipboard-write; encrypted-media; gyroscope; picture-in-picture&#8221; allowfullscreen loading=&#8221;lazy&#8221; style=&#8221;border:0;&#8221;&gt;<\/p>\n<p>Al\u00e9m da faixa-t\u00edtulo, outras duas m\u00fasicas de &#8220;Into Oblivion&#8221; foram divulgadas ao longo dos \u00faltimos meses. Lan\u00e7adas respectivamente em novembro e outubro de 2025, &#8220;Parasocial Christ&#8221; e &#8220;Sepsis&#8221; encontram-se dispon\u00edveis nas <a href=\"https:\/\/open.spotify.com\/intl-pt\/album\/5SVfHoZLhj58lAJzl2iD9g\" rel=\"nofollow noopener\" target=\"_blank\">plataformas digitais<\/a>.<\/p>\n<p>CONTINUA DEPOIS DA PUBLICIDADE &#8211; GOO<\/p>\n<p>&#13;<br \/>\n&#13;<br \/>\n&#13;<br \/>\n&#13;<br \/>\n<a href=\"https:\/\/whiplash.net\/materias\/whiplash\/027002.html\" rel=\"nofollow noopener\" target=\"_blank\"><img decoding=\"async\" src=\"https:\/\/www.europesays.com\/pt\/wp-content\/uploads\/2026\/01\/1767746289_757_anunciar_diabo_336x280.gif\" loading=\"lazy\" width=\"336\" height=\"280\" alt=\"Anunciar no Whiplash.Net\"\/><\/a>&#13;<br \/>\n&#13;<br \/>\n&#13;<br \/>\n&#13;<br \/>\n&#13;<br \/>\n&#13;<br \/>\n<a href=\"https:\/\/whiplash.net\/materias\/whiplash\/027002.html\" rel=\"nofollow noopener\" target=\"_blank\"><img decoding=\"async\" src=\"https:\/\/www.europesays.com\/pt\/wp-content\/uploads\/2026\/01\/1767746289_757_anunciar_diabo_336x280.gif\" loading=\"lazy\" width=\"336\" height=\"280\" class=\"widthConstrained\" style=\"background-color:#000000;display:block;\" alt=\"Anunciar bandas e shows de Rock e Heavy Metal\"\/><\/a>&#13;<\/p>\n<p>D\u00e9cimo \u00e1lbum de est\u00fadio do Lamb of God, &#8220;Into Oblivion&#8221; foi gravado por Randy Blythe (vocal), Mark Morton (<a href=\"https:\/\/whiplash.net\/temas\/i\/instrumentos.html\" class=\"hotwords\" rel=\"nofollow noopener\" target=\"_blank\">guitarra<\/a>), Willie Adler (<a href=\"https:\/\/whiplash.net\/temas\/i\/instrumentos.html\" class=\"hotwords\" rel=\"nofollow noopener\" target=\"_blank\">guitarra<\/a>), John Campbell (baixo) e Art Cruz (bateria). Confira a seguir a lista de faixas do disco:<\/p>\n<p>&#8220;Into Oblivion&#8221;<br \/>&#8220;Parasocial Christ&#8221;<br \/>&#8220;Sepsis&#8221;<br \/>&#8220;The Killing Floor&#8221;<br \/>&#8220;El Vac\u00edo&#8221;<br \/>&#8220;St. Catherine&#8217;s Wheel&#8221;<br \/>&#8220;Blunt Force Blues&#8221;<br \/>&#8220;Bully&#8221;<br \/>&#8220;A Thousand Years&#8221;<br \/>&#8220;Devise \/ Destroy&#8221;<\/p>\n<p>CONTINUA DEPOIS DA PUBLICIDADE &#8211; CLI<\/p>\n<p>&#13;<br \/>\n&#13;<br \/>\n&#13;<br \/>\n&#13;<br \/>\n&#13;<br \/>\n&#13;<br \/>\n&#13;<br \/>\n&#13;<br \/>\n<a href=\"https:\/\/whiplash.net\/materias\/whiplash\/027002.html\" rel=\"nofollow noopener\" target=\"_blank\"><img decoding=\"async\" src=\"https:\/\/www.europesays.com\/pt\/wp-content\/uploads\/2026\/01\/1767746289_757_anunciar_diabo_336x280.gif\" loading=\"lazy\" width=\"336\" height=\"280\" class=\"widthConstrained\" style=\"background-color:#000000;display:block;\" alt=\"Anunciar bandas e shows de Rock e Heavy Metal\"\/><\/a>&#13;<\/p>\n","protected":false},"excerpt":{"rendered":"A banda Lamb of God anunciou nesta quinta-feira (15 de janeiro) detalhes sobre o pr\u00f3ximo disco de est\u00fadio.&hellip;\n","protected":false},"author":2,"featured_media":157959,"comment_status":"","ping_status":"","sticky":false,"template":"","format":"standard","meta":{"footnotes":""},"categories":[141],"tags":[114,115,149,150,32,33],"class_list":{"0":"post-230729","1":"post","2":"type-post","3":"status-publish","4":"format-standard","5":"has-post-thumbnail","7":"category-musica","8":"tag-entertainment","9":"tag-entretenimento","10":"tag-music","11":"tag-musica","12":"tag-portugal","13":"tag-pt"},"share_on_mastodon":{"url":"https:\/\/pubeurope.com\/@pt\/115901662933779884","error":""},"_links":{"self":[{"href":"https:\/\/www.europesays.com\/pt\/wp-json\/wp\/v2\/posts\/230729","targetHints":{"allow":["GET"]}}],"collection":[{"href":"https:\/\/www.europesays.com\/pt\/wp-json\/wp\/v2\/posts"}],"about":[{"href":"https:\/\/www.europesays.com\/pt\/wp-json\/wp\/v2\/types\/post"}],"author":[{"embeddable":true,"href":"https:\/\/www.europesays.com\/pt\/wp-json\/wp\/v2\/users\/2"}],"replies":[{"embeddable":true,"href":"https:\/\/www.europesays.com\/pt\/wp-json\/wp\/v2\/comments?post=230729"}],"version-history":[{"count":0,"href":"https:\/\/www.europesays.com\/pt\/wp-json\/wp\/v2\/posts\/230729\/revisions"}],"wp:featuredmedia":[{"embeddable":true,"href":"https:\/\/www.europesays.com\/pt\/wp-json\/wp\/v2\/media\/157959"}],"wp:attachment":[{"href":"https:\/\/www.europesays.com\/pt\/wp-json\/wp\/v2\/media?parent=230729"}],"wp:term":[{"taxonomy":"category","embeddable":true,"href":"https:\/\/www.europesays.com\/pt\/wp-json\/wp\/v2\/categories?post=230729"},{"taxonomy":"post_tag","embeddable":true,"href":"https:\/\/www.europesays.com\/pt\/wp-json\/wp\/v2\/tags?post=230729"}],"curies":[{"name":"wp","href":"https:\/\/api.w.org\/{rel}","templated":true}]}}