{"id":230740,"date":"2026-01-15T23:23:11","date_gmt":"2026-01-15T23:23:11","guid":{"rendered":"https:\/\/www.europesays.com\/pt\/230740\/"},"modified":"2026-01-15T23:23:11","modified_gmt":"2026-01-15T23:23:11","slug":"fotografia-mostra-maduro-de-cabelo-rapado-na-prisao-observador","status":"publish","type":"post","link":"https:\/\/www.europesays.com\/pt\/230740\/","title":{"rendered":"Fotografia mostra Maduro de cabelo rapado na pris\u00e3o? \u2013 Observador"},"content":{"rendered":"<p>Cabelo e bigode rapado. \u00c9 assim que alegadamente o Presidente deposto da Venezuela, Nicol\u00e1s Maduro, estaria no Centro de Deten\u00e7\u00e3o Metropolitano de Brooklyn, onde est\u00e1 detido desde o dia 3 de janeiro.<\/p>\n<p>Nas redes sociais, circula uma suposta imagem que mostra o l\u00edder deposto venezuelano com um uniforme laranja, com o cabelo e bigode rapado. Seria uma fotografia exclusiva de dentro da pris\u00e3o onde est\u00e1 Nicol\u00e1s Maduro. H\u00e1 uma data da fotografia: 6 de janeiro de 2026.<\/p>\n<p>        <img src=\"https:\/\/www.europesays.com\/pt\/wp-content\/uploads\/2026\/01\/captura-de-ecra-2026-01-12-as-011656.jpg\" alt=\"\" loading=\"lazy\" decoding=\"async\" class=\"aligncenter\" onload=\"this.parentElement.classList.remove('spinner')\" onerror=\"this.parentElement.classList.remove('spinner')\"\/>    <\/p>\n<p>\u201cA cara do ditador Maduro ap\u00f3s passar por revis\u00e3o visual, contida nas regras de encarceramento nos EUA: cabelo e bigode rapados e uso de uniforme laranja\u201d, escreveu um utilizador nas redes sociais.<\/p>\n<p>Apesar destas publica\u00e7\u00f5es, <strong>n\u00e3o existe nenhuma fotografia oficial de Nicol\u00e1s Maduro dentro da pris\u00e3o de cabe\u00e7a rapada.<\/strong> Dentro do estabelecimento prisional, as autoridades norte-americanas n\u00e3o revelaram nenhuma imagem do Presidente deposto. Mais: quando foi presente a juiz, no passado dia 5 de janeiro, a sess\u00e3o n\u00e3o foi filmada, nem gravada.<\/p>\n<p>A imagem que est\u00e1 a circular em v\u00e1rias redes sociais n\u00e3o \u00e9 verdadeira \u2014 e ter\u00e1 sido, com elevado grau de probabilidade, gerada atrav\u00e9s de intelig\u00eancia artificial. Segundo o detetor dessa tecnologia wasitai, existe uma elevada probabilidade de que a fotografia \u2014 ou partes da mesma \u2014 tenha sido gerada dessa forma.<\/p>\n<p>        <img src=\"https:\/\/www.europesays.com\/pt\/wp-content\/uploads\/2026\/01\/captura-de-ecra-2026-01-12-as-010838.jpg\" alt=\"\" loading=\"lazy\" decoding=\"async\" class=\"alignnone\" onload=\"this.parentElement.classList.remove('spinner')\" onerror=\"this.parentElement.classList.remove('spinner')\"\/>    <\/p>\n<p><strong>Conclus\u00e3o<\/strong><\/p>\n<p>A fotografia de Nicol\u00e1s Maduro com o cabelo rapado e sem bigode n\u00e3o \u00e9 nenhuma\u00a0mugshot\u00a0do Presidente deposto da Venezuela na pris\u00e3o de Brooklyn onde est\u00e1 \u00e0 espera de julgamento. As autoridades norte-americanas n\u00e3o revelaram qualquer foto. A imagem ter\u00e1 sido gerada, segundo detetores da tecnologia, atrav\u00e9s de intelig\u00eancia artificial.<\/p>\n<p>Assim, de acordo com o\u00a0sistema de classifica\u00e7\u00e3o do Observador, este conte\u00fado \u00e9:<\/p>\n<p><strong>ERRADO<\/strong><\/p>\n<p>No\u00a0<a href=\"https:\/\/www.facebook.com\/help\/publisher\/182222309230722\" rel=\"nofollow noopener\" target=\"_blank\">sistema de classifica\u00e7\u00e3o do Facebook<\/a>, este conte\u00fado \u00e9:<\/p>\n<p><strong>FALSO<\/strong>: As principais alega\u00e7\u00f5es do conte\u00fado s\u00e3o factualmente imprecisas. Geralmente, esta op\u00e7\u00e3o corresponde \u00e0s classifica\u00e7\u00f5es \u201cfalso\u201d ou \u201cmaioritariamente falso\u201d nos sites de verificadores de factos.<\/p>\n<p><strong>NOTA: este conte\u00fado foi selecionado pelo Observador no \u00e2mbito de uma parceria de fact checking com o Facebook.<\/strong><\/p>\n<p>\n                <a href=\"https:\/\/ifcncodeofprinciples.poynter.org\/profile\/observador-fact-check\" title=\"O Observador \u00e9 membro do IFCN\" target=\"_blank\" rel=\"nofollow noopener\"><br \/>\n                    <img decoding=\"async\" src=\"https:\/\/www.europesays.com\/pt\/wp-content\/uploads\/2025\/08\/77110938-3E82-34EE-7F24-CCAB079FBA5E.png\" style=\"height: 140px;\" alt=\"IFCN Badge\"\/><br \/>\n                <\/a>\n            <\/p>\n","protected":false},"excerpt":{"rendered":"Cabelo e bigode rapado. \u00c9 assim que alegadamente o Presidente deposto da Venezuela, Nicol\u00e1s Maduro, estaria no Centro&hellip;\n","protected":false},"author":2,"featured_media":26675,"comment_status":"","ping_status":"","sticky":false,"template":"","format":"standard","meta":{"footnotes":""},"categories":[50],"tags":[27,28,7316,15,16,14,25,26,21,22,62,12,11336,13,19,20,861,23,24,17,18,29,30,31,3023,63,64,65],"class_list":{"0":"post-230740","1":"post","2":"type-post","3":"status-publish","4":"format-standard","5":"has-post-thumbnail","7":"category-mundo","8":"tag-breaking-news","9":"tag-breakingnews","10":"tag-fact-check","11":"tag-featured-news","12":"tag-featurednews","13":"tag-headlines","14":"tag-latest-news","15":"tag-latestnews","16":"tag-main-news","17":"tag-mainnews","18":"tag-mundo","19":"tag-news","20":"tag-nicolu00e1s-maduro","21":"tag-noticias","22":"tag-noticias-principais","23":"tag-noticiasprincipais","24":"tag-observador","25":"tag-principais-noticias","26":"tag-principaisnoticias","27":"tag-top-stories","28":"tag-topstories","29":"tag-ultimas","30":"tag-ultimas-noticias","31":"tag-ultimasnoticias","32":"tag-venezuela","33":"tag-world","34":"tag-world-news","35":"tag-worldnews"},"share_on_mastodon":{"url":"https:\/\/pubeurope.com\/@pt\/115901694249703500","error":""},"_links":{"self":[{"href":"https:\/\/www.europesays.com\/pt\/wp-json\/wp\/v2\/posts\/230740","targetHints":{"allow":["GET"]}}],"collection":[{"href":"https:\/\/www.europesays.com\/pt\/wp-json\/wp\/v2\/posts"}],"about":[{"href":"https:\/\/www.europesays.com\/pt\/wp-json\/wp\/v2\/types\/post"}],"author":[{"embeddable":true,"href":"https:\/\/www.europesays.com\/pt\/wp-json\/wp\/v2\/users\/2"}],"replies":[{"embeddable":true,"href":"https:\/\/www.europesays.com\/pt\/wp-json\/wp\/v2\/comments?post=230740"}],"version-history":[{"count":0,"href":"https:\/\/www.europesays.com\/pt\/wp-json\/wp\/v2\/posts\/230740\/revisions"}],"wp:featuredmedia":[{"embeddable":true,"href":"https:\/\/www.europesays.com\/pt\/wp-json\/wp\/v2\/media\/26675"}],"wp:attachment":[{"href":"https:\/\/www.europesays.com\/pt\/wp-json\/wp\/v2\/media?parent=230740"}],"wp:term":[{"taxonomy":"category","embeddable":true,"href":"https:\/\/www.europesays.com\/pt\/wp-json\/wp\/v2\/categories?post=230740"},{"taxonomy":"post_tag","embeddable":true,"href":"https:\/\/www.europesays.com\/pt\/wp-json\/wp\/v2\/tags?post=230740"}],"curies":[{"name":"wp","href":"https:\/\/api.w.org\/{rel}","templated":true}]}}