{"id":230745,"date":"2026-01-15T23:26:09","date_gmt":"2026-01-15T23:26:09","guid":{"rendered":"https:\/\/www.europesays.com\/pt\/230745\/"},"modified":"2026-01-15T23:26:09","modified_gmt":"2026-01-15T23:26:09","slug":"mickael-carreira-o-dia-em-que-filha-roubou-microfone-e-foi-para-palco","status":"publish","type":"post","link":"https:\/\/www.europesays.com\/pt\/230745\/","title":{"rendered":"Mickael Carreira. O dia em que filha &#8216;roubou&#8217; microfone e foi para palco"},"content":{"rendered":"<p>Mickael Carreira vai lan\u00e7ar um novo disco este ano e esteve no &#8220;Casa Feliz&#8221;, da SIC, para falar da sua carreira de 20 anos no mundo da m\u00fasica.\u00a0<\/p>\n<p>2006 marcou o in\u00edcio da sua carreira, que soma hoje 12 discos de plantina e oito discos de ouro.\u00a0<\/p>\n<p>Durante a conversa com os apresentadores Jo\u00e3o Bai\u00e3o e Diana Chaves, o cantor acabou tamb\u00e9m por fazer algumas partilhas sobres os filhos, Gabriel e Beatriz.\u00a0<\/p>\n<p>Ao falar da mais velha, Beatriz, de oito anos, contou que no ano passado foi surpreendido pela menina em palco.<\/p>\n<p>&#8220;Acabo por me rever muito na Beatriz. Quando tinha a idade dela j\u00e1 gostava de m\u00fasica, de cantar, daquela sensa\u00e7\u00e3o de estar em palco. Tenho uma hist\u00f3ria muito engra\u00e7ada com ela no ano passado. Tive um concerto do Seixal e lembro-me de estar a cantar, de estar a sentir aquele momento e, de repente, ela entrou em palco, sem me aperceber, roubou-me o microfone&#8230; Ela j\u00e1 gosta disto, gosta muito de estar em cima do palco, de cantar e tudo isso.&#8221;<\/p>\n<p>&#8220;Enquanto pai, o mais importante \u00e9 dar liberdade aos nossos filhos para eles serem aquilo que quiserem ser. Pode ser na m\u00fasica, pode ser noutra coisa&#8230; O mais importante \u00e9 ela ser feliz a fazer aquilo que ela quiser, e se for na m\u00fasica, obviamente, estou aqui para a apoiar. Mas d\u00e1 um bocadinho de medo porque isto \u00e9 uma profiss\u00e3o, \u00e0s vezes, um bocadinho exigente, ingrata&#8230; Porque nem toda a gente tem a sorte de vingar neste meio, mas estou aqui para a apoiar sempre&#8221;, acrescentou depois.\u00a0<\/p>\n<p>J\u00e1 sobre o filho mais novo, Gabriel, que nasceu em julho de 2023, Micakel Carreira contou que o menino ficou viciado na m\u00fasica &#8220;Beijo&#8221;, que lan\u00e7ou no ano passado em conjunto com Anselmo Ralph, Tony Carreira e Toy.<\/p>\n<p>De recordar que as crian\u00e7as s\u00e3o fruto da rela\u00e7\u00e3o de Mickael Carreira com Laura Figueiredo.\u00a0<\/p>\n<blockquote class=\"instagram-media\" style=\"background: #FFF; border: 0; border-radius: 3px; box-shadow: 0 0 1px 0 rgba(0,0,0,0.5),0 1px 10px 0 rgba(0,0,0,0.15); margin: 1px; max-width: 540px; min-width: 326px; padding: 0; width: calc(100% - 2px);\" data-instgrm-captioned=\"\" data-instgrm-permalink=\"https:\/\/www.instagram.com\/reel\/DTiaR8TCORk\/?utm_source=ig_embed&amp;utm_campaign=loading\" data-instgrm-version=\"14\"><p>&#13;<br \/>\n                                                    &#13;\n                                                    <\/p><\/blockquote>\n<p>                                                    A surpresa do pai, Tony Carreira<\/p>\n<p>Mickael Carreira foi surpreendido com carinhosas palavras ao longo do programa &#8220;Casa Feliz&#8221;, tendo recebido, entre eles, um v\u00eddeo do pai, Tony Carreira.\u00a0<\/p>\n<p>&#8220;Estou aqui com a Molly [cadela que era de Sara Carreira], que tamb\u00e9m vai dar o seu testemunho. Em rela\u00e7\u00e3o ao Mickael, como pai, evidentemente que sou suspeito porque vou falar bem dele. Mas a verdade \u00e9 uma: s\u00f3 tenho bem a dizer dele. \u00c9 um filho maravilhoso e com artista \u00e9 muito exigente, que vai ao detalhes das coisas, e talvez por isso continua com o sucesso que tem. O que lhe desejo \u00e9 tudo de bom, mas, naturalmente, como pai, n\u00e3o podia desejar outra coisa&#8221;, disse Tony Carreira no v\u00eddeo enviado para surpreender o filho mais velho.\u00a0<\/p>\n<p>Leia Tamb\u00e9m: <a href=\"https:\/\/www.noticiasaominuto.com\/fama\/2899284\/david-carreira-nao-vai-a-gala-de-homenagem-a-irma-sara-e-este-e-o-motivo\" target=\"_blank\" rel=\"noopener noreferrer nofollow\">David Carreira n\u00e3o vai a gala de homenagem \u00e0 irm\u00e3 Sara e este \u00e9 o motivo<\/a><\/p>\n<p>                                            <script async src=\"\/\/www.instagram.com\/embed.js\"><\/script><\/p>\n","protected":false},"excerpt":{"rendered":"Mickael Carreira vai lan\u00e7ar um novo disco este ano e esteve no &#8220;Casa Feliz&#8221;, da SIC, para falar&hellip;\n","protected":false},"author":2,"featured_media":230746,"comment_status":"","ping_status":"","sticky":false,"template":"","format":"standard","meta":{"footnotes":""},"categories":[145],"tags":[211,210,114,115,32,33],"class_list":{"0":"post-230745","1":"post","2":"type-post","3":"status-publish","4":"format-standard","5":"has-post-thumbnail","7":"category-celebridades","8":"tag-celebridades","9":"tag-celebrities","10":"tag-entertainment","11":"tag-entretenimento","12":"tag-portugal","13":"tag-pt"},"share_on_mastodon":{"url":"https:\/\/pubeurope.com\/@pt\/115901705963078243","error":""},"_links":{"self":[{"href":"https:\/\/www.europesays.com\/pt\/wp-json\/wp\/v2\/posts\/230745","targetHints":{"allow":["GET"]}}],"collection":[{"href":"https:\/\/www.europesays.com\/pt\/wp-json\/wp\/v2\/posts"}],"about":[{"href":"https:\/\/www.europesays.com\/pt\/wp-json\/wp\/v2\/types\/post"}],"author":[{"embeddable":true,"href":"https:\/\/www.europesays.com\/pt\/wp-json\/wp\/v2\/users\/2"}],"replies":[{"embeddable":true,"href":"https:\/\/www.europesays.com\/pt\/wp-json\/wp\/v2\/comments?post=230745"}],"version-history":[{"count":0,"href":"https:\/\/www.europesays.com\/pt\/wp-json\/wp\/v2\/posts\/230745\/revisions"}],"wp:featuredmedia":[{"embeddable":true,"href":"https:\/\/www.europesays.com\/pt\/wp-json\/wp\/v2\/media\/230746"}],"wp:attachment":[{"href":"https:\/\/www.europesays.com\/pt\/wp-json\/wp\/v2\/media?parent=230745"}],"wp:term":[{"taxonomy":"category","embeddable":true,"href":"https:\/\/www.europesays.com\/pt\/wp-json\/wp\/v2\/categories?post=230745"},{"taxonomy":"post_tag","embeddable":true,"href":"https:\/\/www.europesays.com\/pt\/wp-json\/wp\/v2\/tags?post=230745"}],"curies":[{"name":"wp","href":"https:\/\/api.w.org\/{rel}","templated":true}]}}