{"id":230777,"date":"2026-01-15T23:52:13","date_gmt":"2026-01-15T23:52:13","guid":{"rendered":"https:\/\/www.europesays.com\/pt\/230777\/"},"modified":"2026-01-15T23:52:13","modified_gmt":"2026-01-15T23:52:13","slug":"ventura-canta-os-parabens-em-ponte-de-lima-e-insiste-no-ataque-as-minorias","status":"publish","type":"post","link":"https:\/\/www.europesays.com\/pt\/230777\/","title":{"rendered":"Ventura canta os parab\u00e9ns em Ponte de Lima e insiste no ataque \u00e0s &#8220;minorias&#8221;"},"content":{"rendered":"<p>O candidato presidencial Andr\u00e9 Ventura afirmou hoje que ser\u00e3o os emigrantes portugueses a darem-lhe a vit\u00f3ria na segunda volta, num discurso em que criticou minorias e pediu que se respeite os nacionais em primeiro lugar.<\/p>\n<p>&#13;<br \/>\n&#13;<br \/>\n&#13;<\/p>\n<p>\u201cSer\u00e3o os emigrantes portugueses a dar-nos a vit\u00f3ria na segunda volta das elei\u00e7\u00f5es em Portugal\u201d, disse o tamb\u00e9m presidente do Chega, que discursava no final de um almo\u00e7o em Ponte de Lima, Viana do Castelo, com quase 300 apoiantes. <\/p>\n<p>Naquele que \u00e9 tamb\u00e9m o seu dia de anivers\u00e1rio, Ventura insistiu na ideia \u2013 que tem repetido ao longo de toda a campanha \u2013 de que o sistema pol\u00edtico \u201ctem medo\u201d do voto dos portugueses que vivem no estrangeiro e que esses cidad\u00e3os n\u00e3o recebem boletins de voto para as presidenciais com o prop\u00f3sito de os demover do voto.<\/p>\n<p>A lei eleitoral, de acordo com o portal da Comiss\u00e3o Nacional de Elei\u00e7\u00f5es (CNE), n\u00e3o permite a vota\u00e7\u00e3o por correspond\u00eancia em elei\u00e7\u00f5es presidenciais, mas apenas de forma presencial (no caso do estrangeiro, dirigindo-se a consulados).<\/p>\n<p>No entanto, Andr\u00e9 Ventura considerou que os emigrantes \u201cs\u00e3o tratados como cidad\u00e3os de segunda\u201d.<\/p>\n<p>\u201cN\u00f3s sabemos porque \u00e9 que eles n\u00e3o podem votar, porque o sistema pol\u00edtico tem medo do voto deles. Provavelmente, n\u00e3o h\u00e1 nenhum portugu\u00eas que se tenha ido embora de Portugal para Fran\u00e7a, Luxemburgo, Su\u00ed\u00e7a [\u2026] porque correu bem c\u00e1. Foram-se embora porque os dois partidos que governaram os tra\u00edram\u201d, disse o candidato.<\/p>\n<p>Para Ventura, obrigar pessoas a fazer desloca\u00e7\u00f5es de centenas ou mesmo mil quil\u00f3metros para poderem votar \u00e9, \u201cbasicamente, tirar-lhes o direito de voto\u201d.<\/p>\n<p>Apesar disso, o candidato presidencial afirmou que h\u00e1 emigrantes portugueses que se t\u00eam organizado em caravanas em diferentes pa\u00edses para poderem votar no domingo.<\/p>\n<p>\u201c\u00c9 incr\u00edvel como um pa\u00eds consegue acordar desta maneira\u201d, salientou.<\/p>\n<p>Ao mesmo tempo que criticou o pa\u00eds por tratar os emigrantes portugueses \u201ccomo cidad\u00e3os de segunda\u201d, Ventura considerou que qualquer cidad\u00e3o que vem \u201cda \u00cdndia, do Paquist\u00e3o ou de outro s\u00edtio qualquer \u00e9 tratado como cidad\u00e3o de primeira em tudo \u2013 \u201cnos apoios, no voto e no direito a tudo\u201d (apenas cidad\u00e3os com nacionalidade portuguesa podem votar nas presidenciais).<\/p>\n<p>\u201cN\u00f3s n\u00e3o somos contra ningu\u00e9m, mas vamos garantir que em Portugal se respeitam os portugueses em primeiro lugar e se respeita a comunidade portuguesa em primeiro lugar\u201d, asseverou.<\/p>\n<p>No discurso, n\u00e3o faltaram tamb\u00e9m ataques a associa\u00e7\u00f5es que promovem a igualdade de g\u00e9nero e que combatem a discrimina\u00e7\u00e3o contra a comunidade LGBT, que apelidou de associa\u00e7\u00f5es de \u201cideologia de g\u00e9nero\u201d \u2013 termo depreciativo usado pela extrema-direita e movimentos conservadores quando s\u00e3o abordados temas como o feminismo ou a sexualidade.<\/p>\n<p>\u201cVamos cortar-lhes todos os c\u00eantimos que tiverem para receber\u201d, disse o candidato a Presidente da Rep\u00fablica, num almo\u00e7o na Quinta S\u00e3o Bento, em Ponte de Lima.<\/p>\n<p>O candidato quer ser conhecido como o Presidente que \u201cacabou com os privil\u00e9gios injustificados de todas as minorias\u201d e os deu \u00e0s \u201cfam\u00edlias portuguesas\u201d, aos trabalhadores, pensionistas e antigos combatentes, ignorando, mais uma vez, o facto de o poder executivo em Portugal estar concentrado no Governo.<\/p>\n<p>Depois dos parab\u00e9ns cantados e de uma prenda oferecida pelo mandat\u00e1rio distrital, Andr\u00e9 Ventura soprou as velas do bolo, onde se lia: \u201cParab\u00e9ns, Presidente. O Alto Minho vota Andr\u00e9 Ventura\u201d.<\/p>\n<p>\u201c43 anos parece-me uma \u00f3tima idade para ser Presidente\u201d, disse o candidato a Bel\u00e9m, antes de se sentar \u00e0 mesa. Interrogado sobre desejos de anivers\u00e1rio, disse ser \u201csegredo\u201d mas Pedro Pinto, l\u00edder parlamentar, acrescentou de seguida: \u201cDia 18 de janeiro em primeiro\u201d.<\/p>\n<p>Para inaugurar a cerim\u00f3nia, discursou Eduardo Teixeira, deputado do Chega e vereador na C\u00e2mara de Viana do Castelo, que notou que o almo\u00e7o acontecia na sua \u201csegunda casa\u201d, a quinta onde o mandat\u00e1rio distrital da campanha casou, batizou os filhos e celebrou as suas \u201cbodas de prata\u201d.<\/p>\n","protected":false},"excerpt":{"rendered":"O candidato presidencial Andr\u00e9 Ventura afirmou hoje que ser\u00e3o os emigrantes portugueses a darem-lhe a vit\u00f3ria na segunda&hellip;\n","protected":false},"author":2,"featured_media":230778,"comment_status":"","ping_status":"","sticky":false,"template":"","format":"standard","meta":{"footnotes":""},"categories":[10],"tags":[27,28,15,16,14,25,26,21,22,12,13,19,20,32,23,24,33,17,18,29,30,31],"class_list":{"0":"post-230777","1":"post","2":"type-post","3":"status-publish","4":"format-standard","5":"has-post-thumbnail","7":"category-portugal","8":"tag-breaking-news","9":"tag-breakingnews","10":"tag-featured-news","11":"tag-featurednews","12":"tag-headlines","13":"tag-latest-news","14":"tag-latestnews","15":"tag-main-news","16":"tag-mainnews","17":"tag-news","18":"tag-noticias","19":"tag-noticias-principais","20":"tag-noticiasprincipais","21":"tag-portugal","22":"tag-principais-noticias","23":"tag-principaisnoticias","24":"tag-pt","25":"tag-top-stories","26":"tag-topstories","27":"tag-ultimas","28":"tag-ultimas-noticias","29":"tag-ultimasnoticias"},"share_on_mastodon":{"url":"https:\/\/pubeurope.com\/@pt\/115901808714810649","error":""},"_links":{"self":[{"href":"https:\/\/www.europesays.com\/pt\/wp-json\/wp\/v2\/posts\/230777","targetHints":{"allow":["GET"]}}],"collection":[{"href":"https:\/\/www.europesays.com\/pt\/wp-json\/wp\/v2\/posts"}],"about":[{"href":"https:\/\/www.europesays.com\/pt\/wp-json\/wp\/v2\/types\/post"}],"author":[{"embeddable":true,"href":"https:\/\/www.europesays.com\/pt\/wp-json\/wp\/v2\/users\/2"}],"replies":[{"embeddable":true,"href":"https:\/\/www.europesays.com\/pt\/wp-json\/wp\/v2\/comments?post=230777"}],"version-history":[{"count":0,"href":"https:\/\/www.europesays.com\/pt\/wp-json\/wp\/v2\/posts\/230777\/revisions"}],"wp:featuredmedia":[{"embeddable":true,"href":"https:\/\/www.europesays.com\/pt\/wp-json\/wp\/v2\/media\/230778"}],"wp:attachment":[{"href":"https:\/\/www.europesays.com\/pt\/wp-json\/wp\/v2\/media?parent=230777"}],"wp:term":[{"taxonomy":"category","embeddable":true,"href":"https:\/\/www.europesays.com\/pt\/wp-json\/wp\/v2\/categories?post=230777"},{"taxonomy":"post_tag","embeddable":true,"href":"https:\/\/www.europesays.com\/pt\/wp-json\/wp\/v2\/tags?post=230777"}],"curies":[{"name":"wp","href":"https:\/\/api.w.org\/{rel}","templated":true}]}}