{"id":230781,"date":"2026-01-15T23:54:06","date_gmt":"2026-01-15T23:54:06","guid":{"rendered":"https:\/\/www.europesays.com\/pt\/230781\/"},"modified":"2026-01-15T23:54:06","modified_gmt":"2026-01-15T23:54:06","slug":"a-impressionante-batalha-de-nuno-morais-sarmento-contra-a-doenca-que-o-obrigou-a-deixar-de-novo-o-trabalho-depois-de-12-operacoes-flash-pt","status":"publish","type":"post","link":"https:\/\/www.europesays.com\/pt\/230781\/","title":{"rendered":"A impressionante batalha de Nuno Morais Sarmento contra a doen\u00e7a, que o obrigou a deixar, de novo, o trabalho depois de 12 opera\u00e7\u00f5es &#8211; Flash.pt"},"content":{"rendered":"<ol>\n<li><a href=\"https:\/\/news.google.com\/rss\/articles\/CBMi-gFBVV95cUxOelhwV3ZlRlV0U1dycWNaRzJZXzBzSGV5UFoySUtoYVlvTHJyTTBZR21CV2dXYmdVLWhnX2dISWhkOS1rd0tHZjVZQVpoT05TZWZtSkRfeVBNZGdBSnhKNjBzN1VJdGZXeXcwLUxlMWdxaVg1VTZNTUdrYjZsMGRnV01NZGpCbXdhTWhOWVdoTnpyQkxXU0FFZTdTMUNJOVg5TEdTUHVSSUI0VmNZTlNnV1ppZ3ZYM1drQmJmS1NFS0JDdVdxTTFCeVpOdjQwM3JYYVJzcWlLRkRWTVVGYlg0b0RHLXltWjZTTkNBcHd3dWpHMElMbWFhc1F30gH0AUFVX3lxTE52TFpZeEt3WTNhTEFhZDVDTC03T0hfOFZfVmF1X0prRDVYMGxlcW84OW81U0M0WEhYNXlKel9uT0tTNHNSSnlwXy1fU193WXVTWk9sT2FzVi1uMm1iODNQVkstZ2xCNDRJV0Z1UnBmV3pYcXpYWDBSd01hQVdQd09MX0Y4WmVRcmk4LWtWTU1pdFNJTWkyUHNxekJvOHlsZEJMQWY0SWFYdDMzSk5RTU1jd0dtYTB5cmpDWTBmdTZsQ09hb0plb25CTlVqSGtzTUxRaUowLTB1VTd6NXhsR21MaGk2REIyemdaTFVXX0Z1dU9sY1I?oc=5\" target=\"_blank\" rel=\"nofollow noopener\">A impressionante batalha de Nuno Morais Sarmento contra a doen\u00e7a, que o obrigou a deixar, de novo, o trabalho depois de 12 opera\u00e7\u00f5es<\/a>&nbsp;&nbsp;Flash.pt<\/li>\n<li><a href=\"https:\/\/news.google.com\/rss\/articles\/CBMizAFBVV95cUxQQ1J2Z2dqcXdYM0l6MXNwbWk0Ty12VWp6OTNWLVBFbUtaclVYbTNqS0paRUlqQWZwajFXelpRc3dlaG5YajNhZDl3S1kzSWtwdzNmRHpTV2x3U0JJYkwtQWVkVUxEZGR3YU1NLWlISDc3V2NPQ21YaHBYX0dlWmRKeFM3eWdDQzRTbmhRZXRlQWNwWjRnZ2czWE9pQ1JLdXFpbzA2U3UxbGxOSUowQVRBbEJZOF85S25YVVVrS0p4eGNieHpndVVlYjZxVk0?oc=5\" target=\"_blank\" rel=\"nofollow noopener\">Montenegro escolhe Dur\u00e3o Barroso para presidente da Funda\u00e7\u00e3o Luso-Americana para o Desenvolvimento<\/a>&nbsp;&nbsp;Observador<\/li>\n<li><a href=\"https:\/\/news.google.com\/rss\/articles\/CBMibkFVX3lxTE9PMU15M2ZyNkxNODFzOFd3SDRLMy1PdFdHYW9DNEJzOHhMLWdET2JfTHdLMnRlT283RUdKU2ZPY2dhYVJvczQ3S0RQbnN1NDFUcERVblF6MVlQaU9uZmFrNkpsOUFhajFMT0EtRXNR?oc=5\" target=\"_blank\" rel=\"nofollow noopener\">Dur\u00e3o Barroso nomeado Presidente da FLAD<\/a>&nbsp;&nbsp;FLAD<\/li>\n<li><a href=\"https:\/\/news.google.com\/rss\/articles\/CBMikgFBVV95cUxPblRKajd0SlRTQm11RVhnajJqZ3pzLTNESlJZbndOUlViTkFpM3lOazR0RE5PWXY3SG11N2JxVmt3b3dtYzNKT09Yb1p1ekVhSVJQdDlhaFdjaTBpNjB6Y29YLUpsMjRkMlp5a1IxVlR2cERKdldhR1RMLWFIM2Qwb2hacVY1SWpwMmc5dUhUbDJtZw?oc=5\" target=\"_blank\" rel=\"nofollow noopener\">Morais Sarmento demitiu-se da presid\u00eancia da FLAD<\/a>&nbsp;&nbsp;S\u00c1BADO<\/li>\n<li><a href=\"https:\/\/news.google.com\/rss\/articles\/CBMid0FVX3lxTE1qN3RIM1VZcWpIVUVmNnlWOVRfMmlMMGs2M2pPVm1TcU9kWlYxMm44bjhfYXl1YTVyYmY0amh1SUJnUklsVjM1MnZURVhBZTBPeFljQndDbmhudGZsUzRhVmZUVW5haDBScEdZMW9ycVpEa2gxTzQw?oc=5\" target=\"_blank\" rel=\"nofollow noopener\">Jos\u00e9 Manuel Bolieiro sa\u00fada novo Presidente da FLAD e refor\u00e7a \u201ccentralidade dos A\u00e7ores no Atl\u00e2ntico\u201d<\/a>&nbsp;&nbsp;Portal do Governo dos A\u00e7ores<\/li>\n<\/ol>\n","protected":false},"excerpt":{"rendered":"A impressionante batalha de Nuno Morais Sarmento contra a doen\u00e7a, que o obrigou a deixar, de novo, o&hellip;\n","protected":false},"author":2,"featured_media":225042,"comment_status":"","ping_status":"","sticky":false,"template":"","format":"standard","meta":{"footnotes":""},"categories":[145],"tags":[211,210,114,115,32,33],"class_list":{"0":"post-230781","1":"post","2":"type-post","3":"status-publish","4":"format-standard","5":"has-post-thumbnail","7":"category-celebridades","8":"tag-celebridades","9":"tag-celebrities","10":"tag-entertainment","11":"tag-entretenimento","12":"tag-portugal","13":"tag-pt"},"share_on_mastodon":{"url":"","error":""},"_links":{"self":[{"href":"https:\/\/www.europesays.com\/pt\/wp-json\/wp\/v2\/posts\/230781","targetHints":{"allow":["GET"]}}],"collection":[{"href":"https:\/\/www.europesays.com\/pt\/wp-json\/wp\/v2\/posts"}],"about":[{"href":"https:\/\/www.europesays.com\/pt\/wp-json\/wp\/v2\/types\/post"}],"author":[{"embeddable":true,"href":"https:\/\/www.europesays.com\/pt\/wp-json\/wp\/v2\/users\/2"}],"replies":[{"embeddable":true,"href":"https:\/\/www.europesays.com\/pt\/wp-json\/wp\/v2\/comments?post=230781"}],"version-history":[{"count":0,"href":"https:\/\/www.europesays.com\/pt\/wp-json\/wp\/v2\/posts\/230781\/revisions"}],"wp:featuredmedia":[{"embeddable":true,"href":"https:\/\/www.europesays.com\/pt\/wp-json\/wp\/v2\/media\/225042"}],"wp:attachment":[{"href":"https:\/\/www.europesays.com\/pt\/wp-json\/wp\/v2\/media?parent=230781"}],"wp:term":[{"taxonomy":"category","embeddable":true,"href":"https:\/\/www.europesays.com\/pt\/wp-json\/wp\/v2\/categories?post=230781"},{"taxonomy":"post_tag","embeddable":true,"href":"https:\/\/www.europesays.com\/pt\/wp-json\/wp\/v2\/tags?post=230781"}],"curies":[{"name":"wp","href":"https:\/\/api.w.org\/{rel}","templated":true}]}}