{"id":230794,"date":"2026-01-16T00:06:11","date_gmt":"2026-01-16T00:06:11","guid":{"rendered":"https:\/\/www.europesays.com\/pt\/230794\/"},"modified":"2026-01-16T00:06:11","modified_gmt":"2026-01-16T00:06:11","slug":"vereador-manuel-matias-do-chega-em-odemira-critica-processo-eleitoral-para-a-ccdr-sapo","status":"publish","type":"post","link":"https:\/\/www.europesays.com\/pt\/230794\/","title":{"rendered":"Vereador Manuel Matias do Chega em Odemira critica processo eleitoral para a CCDR &#8211; SAPO"},"content":{"rendered":"<ol>\n<li><a href=\"https:\/\/news.google.com\/rss\/articles\/CBMiyAFBVV95cUxPX084ZnFCRzRGWUt3dE9WWEgtOFY5WXlDdVFzSU5kdEZ6T3BnSTNqeHFpUVhmZ2FqZ3pDXzVDQWs0WlQ1eVBrZ2U1UWpsN1VldjUxQWZrM2F0RC05Q2RtMGF2aHVCTWJSV0tIVFdaOFZ4cDUzSEpaSU11NFhrNmpyMWd5NnhZMnlhUFh2U3dJaUl3LUo4dENVYU0yQXhuVVVCbmlrZkU3Znk4V1BrVHRJVzEwc202cWt0cW8ybHJLaXItbW1zamlFRw?oc=5\" target=\"_blank\" rel=\"nofollow noopener\">Vereador Manuel Matias do Chega em Odemira critica processo eleitoral para a CCDR<\/a>&nbsp;&nbsp;SAPO<\/li>\n<li><a href=\"https:\/\/news.google.com\/rss\/articles\/CBMiywFBVV95cUxQSXQxbEZoM3hKQTRZdm5CdlJscWdsWDdNaHlLb2ZfQk55S1dLZTBwdTNqcjR0LVpnZHZ4ejN1ck1wdFdzWk5XdmJfLWZqZU93cFpNX3VRdTVTMkRpT2lOYkpFYTNjTzV3akk0TjlRdEJRWDNfVzNHeXNCVFFkZXBERDJ3NEJ2SW9FOGJ0X0UwNGxBMl8xcm9RQWxzbUVlUUlYanB2aTNSR19WcU5MSWtsMTJoZ192U2E3U0xNWUxjYXhrakJNeDZuVUE3aw?oc=5\" target=\"_blank\" rel=\"nofollow noopener\">CCDR. Mais compet\u00eancias e novo quadro comunit\u00e1rio s\u00e3o prioridades da presidente reeleita em Lisboa<\/a>&nbsp;&nbsp;Observador<\/li>\n<li><a href=\"https:\/\/news.google.com\/rss\/articles\/CBMiowFBVV95cUxQN0RUVDE3QXpUTl8xZXJ6M0sxM0d1TXg3cm1MT1FIRVVabEhENjMxSldPWmdjTEVxQ1NYdXVRTVZVcVJ4SWNaTTJONTZLTUN6bi1tY2ZmZlhBTTFpMWJwNlpWSkoyWHQ3cVR3OWdlTFZGclNPNXhxZjNicXZtaFFJaWVveXNtMU14a1ZUX2tDQkt3VkVGWlRVd2ZSb2dZalk3Qlc0?oc=5\" target=\"_blank\" rel=\"nofollow noopener\">\u00c1lvaro Santos quer criar &#8220;um novo ciclo para a regi\u00e3o Norte&#8221;<\/a>&nbsp;&nbsp;Jornal de Not\u00edcias<\/li>\n<li><a href=\"https:\/\/news.google.com\/rss\/articles\/CBMif0FVX3lxTE9URE1BM3FPZkRaUzZhUmc2OWpyY1lIQ0lxcGd4MlVLbWRkdjB3VkE3Umx2VkNzajRUTXY3VVBic19fMmhPVTgtVjZFMkRBS0kzQ0haS09EelBEVHJ5QlBHc0JKcGNVTklNTms2aXR1ZEZWX2F5SkJtQjVuYUFmVDQ?oc=5\" target=\"_blank\" rel=\"nofollow noopener\">Eleitos presidentes e vice-presidentes das CCDR<\/a>&nbsp;&nbsp;Agroportal<\/li>\n<li><a href=\"https:\/\/news.google.com\/rss\/articles\/CBMisAFBVV95cUxNMDU3bDJ1ZXhjc0xmWFNxSlVlWE9qbW5PbU01bmszbnRiR1gxdGxVckdOUEcxXzNUS2hFLWpPcG1mdGhsWVM5cjBDWGh1RXBEX1ZKbE5odk1Wbk9Zc1dMNWlaX2VFODJxVHR6UDYwZnN6VXYtYUZBc2VDWjNOOE5wMXA3Q3pNNTdnOXB3UFZ4LUZyUUlFUGN4YmlQaHdXY0dMd0NsUFVRUktRTHY0UHlESQ?oc=5\" target=\"_blank\" rel=\"nofollow noopener\">CCDR: PCP diz que 44,7% dos autarcas eleitores no Alentejo n\u00e3o legitimou processo<\/a>&nbsp;&nbsp;R\u00e1dio Campan\u00e1rio<\/li>\n<\/ol>\n","protected":false},"excerpt":{"rendered":"Vereador Manuel Matias do Chega em Odemira critica processo eleitoral para a CCDR&nbsp;&nbsp;SAPO CCDR. Mais compet\u00eancias e novo&hellip;\n","protected":false},"author":2,"featured_media":225042,"comment_status":"","ping_status":"","sticky":false,"template":"","format":"standard","meta":{"footnotes":""},"categories":[10],"tags":[27,28,15,16,14,25,26,21,22,12,13,19,20,32,23,24,33,17,18,29,30,31],"class_list":{"0":"post-230794","1":"post","2":"type-post","3":"status-publish","4":"format-standard","5":"has-post-thumbnail","7":"category-portugal","8":"tag-breaking-news","9":"tag-breakingnews","10":"tag-featured-news","11":"tag-featurednews","12":"tag-headlines","13":"tag-latest-news","14":"tag-latestnews","15":"tag-main-news","16":"tag-mainnews","17":"tag-news","18":"tag-noticias","19":"tag-noticias-principais","20":"tag-noticiasprincipais","21":"tag-portugal","22":"tag-principais-noticias","23":"tag-principaisnoticias","24":"tag-pt","25":"tag-top-stories","26":"tag-topstories","27":"tag-ultimas","28":"tag-ultimas-noticias","29":"tag-ultimasnoticias"},"share_on_mastodon":{"url":"https:\/\/pubeurope.com\/@pt\/115901863204095104","error":""},"_links":{"self":[{"href":"https:\/\/www.europesays.com\/pt\/wp-json\/wp\/v2\/posts\/230794","targetHints":{"allow":["GET"]}}],"collection":[{"href":"https:\/\/www.europesays.com\/pt\/wp-json\/wp\/v2\/posts"}],"about":[{"href":"https:\/\/www.europesays.com\/pt\/wp-json\/wp\/v2\/types\/post"}],"author":[{"embeddable":true,"href":"https:\/\/www.europesays.com\/pt\/wp-json\/wp\/v2\/users\/2"}],"replies":[{"embeddable":true,"href":"https:\/\/www.europesays.com\/pt\/wp-json\/wp\/v2\/comments?post=230794"}],"version-history":[{"count":0,"href":"https:\/\/www.europesays.com\/pt\/wp-json\/wp\/v2\/posts\/230794\/revisions"}],"wp:featuredmedia":[{"embeddable":true,"href":"https:\/\/www.europesays.com\/pt\/wp-json\/wp\/v2\/media\/225042"}],"wp:attachment":[{"href":"https:\/\/www.europesays.com\/pt\/wp-json\/wp\/v2\/media?parent=230794"}],"wp:term":[{"taxonomy":"category","embeddable":true,"href":"https:\/\/www.europesays.com\/pt\/wp-json\/wp\/v2\/categories?post=230794"},{"taxonomy":"post_tag","embeddable":true,"href":"https:\/\/www.europesays.com\/pt\/wp-json\/wp\/v2\/tags?post=230794"}],"curies":[{"name":"wp","href":"https:\/\/api.w.org\/{rel}","templated":true}]}}