{"id":230797,"date":"2026-01-16T00:11:14","date_gmt":"2026-01-16T00:11:14","guid":{"rendered":"https:\/\/www.europesays.com\/pt\/230797\/"},"modified":"2026-01-16T00:11:14","modified_gmt":"2026-01-16T00:11:14","slug":"equipe-de-pedro-comenta-traicao-de-brother","status":"publish","type":"post","link":"https:\/\/www.europesays.com\/pt\/230797\/","title":{"rendered":"Equipe de Pedro comenta trai\u00e7\u00e3o de brother"},"content":{"rendered":"<p class=\"bullet mt-0\" data-v-232111b4=\"\">O epis\u00f3dio citado por Pedro ocorreu no in\u00edcio do relacionamento, em um momento de imaturidade. Houve erro, houve dor, e houve tamb\u00e9m di\u00e1logo, perd\u00e3o e reconstru\u00e7\u00e3o. A esposa de Pedro o perdoou, e desde ent\u00e3o ele vem demonstrado, com atitudes, uma evolu\u00e7\u00e3o real como homem, companheiro e pai.<br \/><strong>Equipe de Pedro<\/strong><\/p>\n<p class=\"bullet\" data-v-232111b4=\"\"><strong>A nota ainda exalta a participa\u00e7\u00e3o de Pedro no programa<\/strong>. &#8220;Ele n\u00e3o tenta esconder seus erros, defeitos ou falhas. Ele se mostra como \u00e9.&#8221;<\/p>\n<p class=\"bullet\" data-v-232111b4=\"\"><strong>Mais cedo, o curitibano revelou a trai\u00e7\u00e3o em conversa com Brigido.<\/strong> &#8220;Minha esposa faz tudo pela fam\u00edlia. Ela aceitou uma situa\u00e7\u00e3o que eu nunca aceitaria, por causa da nossa fam\u00edlia, entendeu?&#8221;, disse. Depois, ele contou a hist\u00f3ria novamente para outros brothers.<\/p>\n<p>VotarVer resultado parcial<\/p>\n<p>16.134 votos<\/p>\n<p>A vota\u00e7\u00e3o do UOL n\u00e3o possui car\u00e1ter cient\u00edfico ou influ\u00eancia sobre o resultado do programa da TV Globo<\/p>\n","protected":false},"excerpt":{"rendered":"O epis\u00f3dio citado por Pedro ocorreu no in\u00edcio do relacionamento, em um momento de imaturidade. Houve erro, houve&hellip;\n","protected":false},"author":2,"featured_media":230798,"comment_status":"","ping_status":"","sticky":false,"template":"","format":"standard","meta":{"footnotes":""},"categories":[142],"tags":[114,115,32,33,151],"class_list":{"0":"post-230797","1":"post","2":"type-post","3":"status-publish","4":"format-standard","5":"has-post-thumbnail","7":"category-tv","8":"tag-entertainment","9":"tag-entretenimento","10":"tag-portugal","11":"tag-pt","12":"tag-tv"},"share_on_mastodon":{"url":"https:\/\/pubeurope.com\/@pt\/115901882830284490","error":""},"_links":{"self":[{"href":"https:\/\/www.europesays.com\/pt\/wp-json\/wp\/v2\/posts\/230797","targetHints":{"allow":["GET"]}}],"collection":[{"href":"https:\/\/www.europesays.com\/pt\/wp-json\/wp\/v2\/posts"}],"about":[{"href":"https:\/\/www.europesays.com\/pt\/wp-json\/wp\/v2\/types\/post"}],"author":[{"embeddable":true,"href":"https:\/\/www.europesays.com\/pt\/wp-json\/wp\/v2\/users\/2"}],"replies":[{"embeddable":true,"href":"https:\/\/www.europesays.com\/pt\/wp-json\/wp\/v2\/comments?post=230797"}],"version-history":[{"count":0,"href":"https:\/\/www.europesays.com\/pt\/wp-json\/wp\/v2\/posts\/230797\/revisions"}],"wp:featuredmedia":[{"embeddable":true,"href":"https:\/\/www.europesays.com\/pt\/wp-json\/wp\/v2\/media\/230798"}],"wp:attachment":[{"href":"https:\/\/www.europesays.com\/pt\/wp-json\/wp\/v2\/media?parent=230797"}],"wp:term":[{"taxonomy":"category","embeddable":true,"href":"https:\/\/www.europesays.com\/pt\/wp-json\/wp\/v2\/categories?post=230797"},{"taxonomy":"post_tag","embeddable":true,"href":"https:\/\/www.europesays.com\/pt\/wp-json\/wp\/v2\/tags?post=230797"}],"curies":[{"name":"wp","href":"https:\/\/api.w.org\/{rel}","templated":true}]}}