{"id":230801,"date":"2026-01-16T00:15:12","date_gmt":"2026-01-16T00:15:12","guid":{"rendered":"https:\/\/www.europesays.com\/pt\/230801\/"},"modified":"2026-01-16T00:15:12","modified_gmt":"2026-01-16T00:15:12","slug":"criancas-com-sindrome-congenita-do-zika-tem-34-vezes-mais-risco-de-internacao-por-epilepsia-2","status":"publish","type":"post","link":"https:\/\/www.europesays.com\/pt\/230801\/","title":{"rendered":"Crian\u00e7as com S\u00edndrome Cong\u00eanita do Zika t\u00eam 34 vezes mais risco de interna\u00e7\u00e3o por epilepsia"},"content":{"rendered":"<p>A epilepsia \u00e9 uma condi\u00e7\u00e3o de risco vivenciada por muitas fam\u00edlias de crian\u00e7as com a S\u00edndrome Cong\u00eanita do Zika (SCZ). Al\u00e9m da crise necessitar de cuidados imediatos, h\u00e1 ainda a preocupa\u00e7\u00e3o da crian\u00e7a ser internada, quadro que precisa de aten\u00e7\u00e3o e assist\u00eancia m\u00e9dica intensiva. Em <a href=\"https:\/\/jamanetwork.com\/journals\/jamapediatrics\/article-abstract\/2841560\" rel=\"nofollow noopener\" target=\"_blank\"><strong>novo estudo publicado na Jama Pediatrics<\/strong><\/a>, pesquisadores da Fiocruz avaliaram 10 milh\u00f5es de crian\u00e7as expostas ao v\u00edrus Zika para saber se h\u00e1 um risco aumentado delas serem hospitalizadas por crises epil\u00e9ticas. Os resultados sugerem que crian\u00e7as com a SCZ apresentam risco de hospitaliza\u00e7\u00e3o por epilepsia at\u00e9 34 vezes maior do que crian\u00e7as sem a condi\u00e7\u00e3o.\u00a0<\/p>\n<p>At\u00e9 o estudo atual, poucas s\u00e3o as pesquisas voltadas para a epilepsia como quest\u00e3o de sa\u00fade central em crian\u00e7as com SCZ, tamb\u00e9m em crian\u00e7as expostas ao v\u00edrus Zika mas que n\u00e3o desenvolveram SCZ, e, para completar o comparativo, crian\u00e7as que n\u00e3o foram expostas ao v\u00edrus Zika ao longo de suas vidas. Para o l\u00edder do estudo e pesquisador associado ao Centro de Integra\u00e7\u00e3o de Dados e Conhecimentos para a Sa\u00fade (Cidacs\/Fiocruz Bahia), Jo\u00e3o Guilherme Tedde, o diferencial agora \u00e9 justamente investigar um n\u00famero maior de crian\u00e7as, com diferen\u00e7as geogr\u00e1ficas e quadros que variam de epis\u00f3dios mais ais leves a graves de epilepsia no Brasil.<\/p>\n<p>\u201cPara verificar a hospitaliza\u00e7\u00e3o por epilepsia levando em conta as crian\u00e7as expostas ao Zika, consideramos as diferen\u00e7as raciais, sociais e demogr\u00e1ficas, acesso aos servi\u00e7os de sa\u00fade, gravidade cl\u00ednica dos casos, e se o atendimento foi pelo hospital privado ou pelo Sistema \u00danico de Sa\u00fade [SUS]\u201d, diz ele. O pesquisador reconhece os fatores sociais como importantes para chegar \u00e0s evid\u00eancias.<\/p>\n<p>Ao utilizar <a href=\"https:\/\/cidacs.bahia.fiocruz.br\/inovacao\/coorte-de-100-milhoes-de-brasileiros-2\/\" rel=\"nofollow noopener\" target=\"_blank\"><strong>a Coorte de 100 Milh\u00f5es de Brasileiros<\/strong><\/a>, dados de 10 milh\u00f5es de crian\u00e7as brasileiras nascidas vivas, com 22 semanas ou mais de gesta\u00e7\u00e3o, foram analisados pelos pesquisadores no per\u00edodo de 2015 a 2018. A pesquisa considerou o tempo da crian\u00e7a desde o nascimento at\u00e9 a primeira interna\u00e7\u00e3o por conta da epilepsia. Outros indicadores como ra\u00e7a e etnia, n\u00edvel de escolaridade materna, idade materna, ano de nascimento da crian\u00e7a e adequa\u00e7\u00e3o do pr\u00e9-natal, al\u00e9m do \u00f3bito por qualquer causa foram avaliados.\u00a0<\/p>\n<p><strong>N\u00famero alto revela sequelas da SCZ<\/strong><\/p>\n<p>Os achados da pesquisa indicam que crian\u00e7as com SCZ apresentam um risco alto de hospitaliza\u00e7\u00e3o por epilepsia nos primeiros quatro anos de idade, o que \u00e9 34 vezes maior do do que em crian\u00e7as sem SCZ. Al\u00e9m disso, foi encontrado que crian\u00e7as com SCZ sofrem mais risco de \u00f3bito quando comparado com crian\u00e7as sem SCZ e n\u00e3o expostos.<\/p>\n<p>\u201cCrian\u00e7as com SCZ apresentaram extremo risco de serem internadas por epilepsia se comparado \u00e0s crian\u00e7as que n\u00e3o t\u00eam a doen\u00e7a. Esse aumento vai al\u00e9m de condi\u00e7\u00f5es como a microcefalia, podendo afetar crian\u00e7as com macrocefalia ou tamanho normal da cabe\u00e7a\u201d, comenta Tedde. Ele ainda explica que as chances de epilepsia se estendem para al\u00e9m da sequela da doen\u00e7a e se devem \u00e0 enfermidade em si.<br \/>Em outro achado da pesquisa, as crian\u00e7as que tiveram contato com o v\u00edrus Zika ainda na barriga da m\u00e3e, mas que n\u00e3o desenvolveram a SCZ, n\u00e3o apresentaram um aumento do risco de hospitaliza\u00e7\u00e3o por epilepsia, quando comparadas \u00e0s crian\u00e7as n\u00e3o expostas.<\/p>\n<p><strong>SCZ e crise epil\u00e9tica: quais medidas tomar?<\/strong><\/p>\n<p>Os resultados confirmam que a SCZ \u00e9 uma doen\u00e7a com potencial para acarretar uma carga de sequelas graves, como interna\u00e7\u00f5es por epilepsia, conforme foi revelado em <a href=\"https:\/\/cidacs.bahia.fiocruz.br\/2025\/01\/criancas-com-sindrome-congenita-do-zika-estao-mais-vulneraveis-a-morte-por-causas-especificas\/\" rel=\"nofollow noopener\" target=\"_blank\"><strong>outros estudos do Cidacs\/Fiocruz Bahia<\/strong><\/a>. A alta mortalidade \u00e9 um dos pontos que tamb\u00e9m precisam de aten\u00e7\u00e3o.\u00a0<\/p>\n<p>Para Tedde, as recomenda\u00e7\u00f5es pr\u00e1ticas do estudo giram em torno dos eixos: correto fluxo de atendimento, melhora no acompanhamento neurol\u00f3gico, garantia de medica\u00e7\u00e3o para epilepsia, e apoio \u00e0s fam\u00edlias. \u201c\u00c9 preciso de respostas do SUS nos primeiros anos de vida da crian\u00e7a e para a sequelas de longo prazo que precisam ser tratadas\u201d, destaca.\u00a0<\/p>\n<p>Na pr\u00e1tica, o artigo prev\u00ea que as pol\u00edticas p\u00fablicas podem focar na implementa\u00e7\u00e3o de linhas de cuidado e, assim, evitar sequelas mais graves decorrentes de partos sem a devida assist\u00eancia m\u00e9dica. Uma vez que a crian\u00e7a nasce, um ponto que requer cuidados \u00e9 o desenvolvimento neurol\u00f3gico. Nesses casos, h\u00e1 que se ter profissionais de reabilita\u00e7\u00e3o para fazer o monitoramento nas crian\u00e7as com crises graves e recorrentes, o que pode ajudar no controle das crises. Por \u00faltimo, o apoio e amparo psicol\u00f3gico \u00e0s fam\u00edlias s\u00e3o colocados como centrais para lidar com as crises.<\/p>\n","protected":false},"excerpt":{"rendered":"A epilepsia \u00e9 uma condi\u00e7\u00e3o de risco vivenciada por muitas fam\u00edlias de crian\u00e7as com a S\u00edndrome Cong\u00eanita do&hellip;\n","protected":false},"author":2,"featured_media":230787,"comment_status":"","ping_status":"","sticky":false,"template":"","format":"standard","meta":{"footnotes":""},"categories":[86],"tags":[116,32,33,117],"class_list":{"0":"post-230801","1":"post","2":"type-post","3":"status-publish","4":"format-standard","5":"has-post-thumbnail","7":"category-saude","8":"tag-health","9":"tag-portugal","10":"tag-pt","11":"tag-saude"},"share_on_mastodon":{"url":"https:\/\/pubeurope.com\/@pt\/115901898700775149","error":""},"_links":{"self":[{"href":"https:\/\/www.europesays.com\/pt\/wp-json\/wp\/v2\/posts\/230801","targetHints":{"allow":["GET"]}}],"collection":[{"href":"https:\/\/www.europesays.com\/pt\/wp-json\/wp\/v2\/posts"}],"about":[{"href":"https:\/\/www.europesays.com\/pt\/wp-json\/wp\/v2\/types\/post"}],"author":[{"embeddable":true,"href":"https:\/\/www.europesays.com\/pt\/wp-json\/wp\/v2\/users\/2"}],"replies":[{"embeddable":true,"href":"https:\/\/www.europesays.com\/pt\/wp-json\/wp\/v2\/comments?post=230801"}],"version-history":[{"count":0,"href":"https:\/\/www.europesays.com\/pt\/wp-json\/wp\/v2\/posts\/230801\/revisions"}],"wp:featuredmedia":[{"embeddable":true,"href":"https:\/\/www.europesays.com\/pt\/wp-json\/wp\/v2\/media\/230787"}],"wp:attachment":[{"href":"https:\/\/www.europesays.com\/pt\/wp-json\/wp\/v2\/media?parent=230801"}],"wp:term":[{"taxonomy":"category","embeddable":true,"href":"https:\/\/www.europesays.com\/pt\/wp-json\/wp\/v2\/categories?post=230801"},{"taxonomy":"post_tag","embeddable":true,"href":"https:\/\/www.europesays.com\/pt\/wp-json\/wp\/v2\/tags?post=230801"}],"curies":[{"name":"wp","href":"https:\/\/api.w.org\/{rel}","templated":true}]}}