{"id":230803,"date":"2026-01-16T00:18:25","date_gmt":"2026-01-16T00:18:25","guid":{"rendered":"https:\/\/www.europesays.com\/pt\/230803\/"},"modified":"2026-01-16T00:18:25","modified_gmt":"2026-01-16T00:18:25","slug":"rui-miguel-nabeiro-e-o-lider-empresarial-com-melhor-reputacao-para-os-portugueses","status":"publish","type":"post","link":"https:\/\/www.europesays.com\/pt\/230803\/","title":{"rendered":"Rui Miguel Nabeiro \u00e9 o l\u00edder empresarial com melhor reputa\u00e7\u00e3o para os portugueses"},"content":{"rendered":"<p>Rui Miguel Nabeiro, CEO do Grupo Nabeiro \u2013 Delta Caf\u00e9s, foi considerado o l\u00edder empresarial com melhor reputa\u00e7\u00e3o para os portugueses.<\/p>\n<p>A consultora OnStrategy apresentou hoje os resultados do estudo Reputa\u00e7\u00e3o de L\u00edderes Empresariais e Sociais em Portugal, referente ao ano consolidado de 2025.<\/p>\n<p>Rui Miguel Nabeiro ocupa o primeiro lugar deste ranking, seguido por Paulo Moita de Macedo, Presidente da Comiss\u00e3o Executiva e Vice-Presidente do Conselho de Administra\u00e7\u00e3o da Caixa Geral de Dep\u00f3sitos e Jo\u00e3o Bento, CEO dos CTT.<\/p>\n<p>O Top 10 \u00e9 ainda composto por Cl\u00e1udia Azevedo, CEO da Sonae, Pedro Soares dos Santos, CEO do Grupo Jer\u00f3nimo Martins, Lu\u00eds Rodrigues, CEO da TAP, Ana Figueiredo, Ana Figueiredo, CEO da Altice, Miguel Stilwell d\u2019Andrade, CEO da EDP, Paula Amorim, CEO do Grupo Amorim e Dion\u00edsio Pestana, Presidente do Pestana Hotel Group.<\/p>\n<p><img loading=\"lazy\" decoding=\"async\" class=\"alignnone size-full wp-image-705884\" src=\"https:\/\/www.europesays.com\/pt\/wp-content\/uploads\/2026\/01\/descarregar-e1768477946916.png\" alt=\"\" width=\"307\" height=\"261\"  \/><\/p>\n<p>O trabalho segue as normas internacionais ISO20671, que avalia estrat\u00e9gia e for\u00e7a de reputa\u00e7\u00e3o, e ISO10668, focada na avalia\u00e7\u00e3o financeira, e inclui uma an\u00e1lise detalhada da dimens\u00e3o emocional da reputa\u00e7\u00e3o, abrangendo Relev\u00e2ncia, Considera\u00e7\u00e3o, Confian\u00e7a, Admira\u00e7\u00e3o, Compra, Prefer\u00eancia, Recomenda\u00e7\u00e3o e Defesa.<\/p>\n<p>O estudo avaliou mais de 500 l\u00edderes ao longo do ano, previamente identificados de forma espont\u00e2nea por mais de 50.000 cidad\u00e3os portugueses, representativos da sociedade em termos de distribui\u00e7\u00e3o geogr\u00e1fica, g\u00e9nero, idade, grau de forma\u00e7\u00e3o e classe social. Tamb\u00e9m participaram mais de 8.000 C-Levels, refletindo a diversidade do tecido empresarial nacional, assim como mais de 900 jornalistas e 200 l\u00edderes de opini\u00e3o.<\/p>\n<p>O RepScore\u2122 analisa o posicionamento e a reputa\u00e7\u00e3o de mais de 2.000 marcas associadas a mais de 70 setores de atividade em Portugal. O trabalho baseia-se num acompanhamento cont\u00ednuo ao longo das 52 semanas do ano e combina uma abordagem qualitativa, para avaliar o posicionamento da marca e os valores espontaneamente associados, e uma abordagem quantitativa, para medir a notoriedade, a reputa\u00e7\u00e3o emocional e racional, e os comportamentos decorrentes da perce\u00e7\u00e3o reputacional, como inten\u00e7\u00e3o de compra, defesa perante crises, inten\u00e7\u00e3o de trabalhar com ou para os l\u00edderes e inten\u00e7\u00e3o de investimento.<\/p>\n","protected":false},"excerpt":{"rendered":"Rui Miguel Nabeiro, CEO do Grupo Nabeiro \u2013 Delta Caf\u00e9s, foi considerado o l\u00edder empresarial com melhor reputa\u00e7\u00e3o&hellip;\n","protected":false},"author":2,"featured_media":230804,"comment_status":"","ping_status":"","sticky":false,"template":"","format":"standard","meta":{"footnotes":""},"categories":[83],"tags":[88,89,90,32,33],"class_list":{"0":"post-230803","1":"post","2":"type-post","3":"status-publish","4":"format-standard","5":"has-post-thumbnail","7":"category-empresas","8":"tag-business","9":"tag-economy","10":"tag-empresas","11":"tag-portugal","12":"tag-pt"},"share_on_mastodon":{"url":"https:\/\/pubeurope.com\/@pt\/115901910547758921","error":""},"_links":{"self":[{"href":"https:\/\/www.europesays.com\/pt\/wp-json\/wp\/v2\/posts\/230803","targetHints":{"allow":["GET"]}}],"collection":[{"href":"https:\/\/www.europesays.com\/pt\/wp-json\/wp\/v2\/posts"}],"about":[{"href":"https:\/\/www.europesays.com\/pt\/wp-json\/wp\/v2\/types\/post"}],"author":[{"embeddable":true,"href":"https:\/\/www.europesays.com\/pt\/wp-json\/wp\/v2\/users\/2"}],"replies":[{"embeddable":true,"href":"https:\/\/www.europesays.com\/pt\/wp-json\/wp\/v2\/comments?post=230803"}],"version-history":[{"count":0,"href":"https:\/\/www.europesays.com\/pt\/wp-json\/wp\/v2\/posts\/230803\/revisions"}],"wp:featuredmedia":[{"embeddable":true,"href":"https:\/\/www.europesays.com\/pt\/wp-json\/wp\/v2\/media\/230804"}],"wp:attachment":[{"href":"https:\/\/www.europesays.com\/pt\/wp-json\/wp\/v2\/media?parent=230803"}],"wp:term":[{"taxonomy":"category","embeddable":true,"href":"https:\/\/www.europesays.com\/pt\/wp-json\/wp\/v2\/categories?post=230803"},{"taxonomy":"post_tag","embeddable":true,"href":"https:\/\/www.europesays.com\/pt\/wp-json\/wp\/v2\/tags?post=230803"}],"curies":[{"name":"wp","href":"https:\/\/api.w.org\/{rel}","templated":true}]}}