{"id":230805,"date":"2026-01-16T00:19:22","date_gmt":"2026-01-16T00:19:22","guid":{"rendered":"https:\/\/www.europesays.com\/pt\/230805\/"},"modified":"2026-01-16T00:19:22","modified_gmt":"2026-01-16T00:19:22","slug":"novo-governo-da-faixa-de-gaza-e-mudanca-historica-ou-encenacao-sem-pernas-para-andar","status":"publish","type":"post","link":"https:\/\/www.europesays.com\/pt\/230805\/","title":{"rendered":"Novo \u201cGoverno\u201d da Faixa de Gaza \u00e9 \u201cmudan\u00e7a hist\u00f3rica\u201d ou \u201cencena\u00e7\u00e3o sem pernas para andar\u201d?"},"content":{"rendered":"<p>Foi alcan\u00e7ado um acordo para criar um <a target=\"_blank\" rel=\"noopener noreferrer\">comit\u00e9 de tecnocratas<\/a> encarregue de governar a Faixa de Gaza. O an\u00fancio foi feito pelo ministro dos Neg\u00f3cios Estrangeiros do Egito, Badr Abdelatty, citado pela ag\u00eancia de not\u00edcias turca Anadolu, esta quarta-feira.<\/p>\n<p><a href=\"https:\/\/expresso.pt\/subscrever?action=GEN&amp;channel=BAF&amp;type=CAP&amp;source=WEB&amp;returnUrl=https:\/\/expresso.pt\/internacional\/medio-oriente\/guerra-israel-hamas\/2026-01-15-novo-governo-da-faixa-de-gaza-e-mudanca-historica-ou-encenacao-sem-pernas-para-andar--0399c766&amp;utm_source=expresso&amp;utm_medium=locked_article&amp;locked=true&amp;article_id=d4b3ebdf-86b7-4065-83be-30d5f3c1f8ea&amp;author_id=Ana+Fran\u00e7a&amp;category=Guerra+no+M\u00e9dio+Oriente\" target=\"_self\" class=\"\" rel=\"nofollow noopener\">Subscrever<\/a>J\u00e1 \u00e9 Subscritor?Fa\u00e7a login e continue a ler<a href=\"http:\/\/expresso.pt\/codigo?redirectUrl=https:\/\/expresso.pt\/internacional\/medio-oriente\/guerra-israel-hamas\/2026-01-15-novo-governo-da-faixa-de-gaza-e-mudanca-historica-ou-encenacao-sem-pernas-para-andar--0399c766\" target=\"_self\" class=\"\" rel=\"nofollow noopener\">Inserir C\u00f3digo<\/a>Comprou o Expresso?Insira o c\u00f3digo presente na Revista E para continuar a ler<\/p>\n","protected":false},"excerpt":{"rendered":"Foi alcan\u00e7ado um acordo para criar um comit\u00e9 de tecnocratas encarregue de governar a Faixa de Gaza. O&hellip;\n","protected":false},"author":2,"featured_media":158187,"comment_status":"","ping_status":"","sticky":false,"template":"","format":"standard","meta":{"footnotes":""},"categories":[50],"tags":[27,28,15,16,14,25,26,21,22,62,12,13,19,20,23,24,17,18,29,30,31,63,64,65],"class_list":{"0":"post-230805","1":"post","2":"type-post","3":"status-publish","4":"format-standard","5":"has-post-thumbnail","7":"category-mundo","8":"tag-breaking-news","9":"tag-breakingnews","10":"tag-featured-news","11":"tag-featurednews","12":"tag-headlines","13":"tag-latest-news","14":"tag-latestnews","15":"tag-main-news","16":"tag-mainnews","17":"tag-mundo","18":"tag-news","19":"tag-noticias","20":"tag-noticias-principais","21":"tag-noticiasprincipais","22":"tag-principais-noticias","23":"tag-principaisnoticias","24":"tag-top-stories","25":"tag-topstories","26":"tag-ultimas","27":"tag-ultimas-noticias","28":"tag-ultimasnoticias","29":"tag-world","30":"tag-world-news","31":"tag-worldnews"},"share_on_mastodon":{"url":"https:\/\/pubeurope.com\/@pt\/115901914464380939","error":""},"_links":{"self":[{"href":"https:\/\/www.europesays.com\/pt\/wp-json\/wp\/v2\/posts\/230805","targetHints":{"allow":["GET"]}}],"collection":[{"href":"https:\/\/www.europesays.com\/pt\/wp-json\/wp\/v2\/posts"}],"about":[{"href":"https:\/\/www.europesays.com\/pt\/wp-json\/wp\/v2\/types\/post"}],"author":[{"embeddable":true,"href":"https:\/\/www.europesays.com\/pt\/wp-json\/wp\/v2\/users\/2"}],"replies":[{"embeddable":true,"href":"https:\/\/www.europesays.com\/pt\/wp-json\/wp\/v2\/comments?post=230805"}],"version-history":[{"count":0,"href":"https:\/\/www.europesays.com\/pt\/wp-json\/wp\/v2\/posts\/230805\/revisions"}],"wp:featuredmedia":[{"embeddable":true,"href":"https:\/\/www.europesays.com\/pt\/wp-json\/wp\/v2\/media\/158187"}],"wp:attachment":[{"href":"https:\/\/www.europesays.com\/pt\/wp-json\/wp\/v2\/media?parent=230805"}],"wp:term":[{"taxonomy":"category","embeddable":true,"href":"https:\/\/www.europesays.com\/pt\/wp-json\/wp\/v2\/categories?post=230805"},{"taxonomy":"post_tag","embeddable":true,"href":"https:\/\/www.europesays.com\/pt\/wp-json\/wp\/v2\/tags?post=230805"}],"curies":[{"name":"wp","href":"https:\/\/api.w.org\/{rel}","templated":true}]}}