{"id":230806,"date":"2026-01-16T00:20:15","date_gmt":"2026-01-16T00:20:15","guid":{"rendered":"https:\/\/www.europesays.com\/pt\/230806\/"},"modified":"2026-01-16T00:20:15","modified_gmt":"2026-01-16T00:20:15","slug":"em-rigor-o-presidente-poderia-bloquear-uma-lei-simplesmente-nao-a-promulgando","status":"publish","type":"post","link":"https:\/\/www.europesays.com\/pt\/230806\/","title":{"rendered":"\u201cEm rigor, o presidente poderia bloquear uma lei simplesmente n\u00e3o a promulgando\u201d"},"content":{"rendered":"<p class=\"category\"><a href=\"https:\/\/sicnoticias.pt\/podcasts\/45-graus\" rel=\"nofollow noopener\" target=\"_blank\">45 Graus<\/a><\/p>\n<p class=\"status custom podcast\">Podcast<\/p>\n<p class=\"g-article-lead lead\" data-field=\"lead\">Com elei\u00e7\u00f5es presidenciais j\u00e1 este domingo, 18 de janeiro, o 45 Graus regressa ao tema do Presidente da Rep\u00fablica, desta vez na segunda parte da conversa com a constitucionalista Catarina Santos Botelho. Partindo da ideia de que uma Constitui\u00e7\u00e3o s\u00f3 \u00e9 verdadeiramente eficaz quando h\u00e1 coer\u00eancia entre o texto e a pr\u00e1tica, o epis\u00f3dio aprofunda a forma como os poderes presidenciais t\u00eam sido exercidos \u2014 e contidos \u2014 ao longo da democracia<\/p>\n<p>Matilde Fieschi<\/p>\n<p>Se o papel do Primeiro-Ministro \u00e9 governar, o do Presidente da Rep\u00fablica parece muitas vezes amb\u00edguo: \u00e9 eleito diretamente, \u00e9 o mais alto magistrado da Na\u00e7\u00e3o, mas aparenta ter poucos poderes executivos. A conversa questiona essa perce\u00e7\u00e3o e explora se o PR n\u00e3o ser\u00e1, afinal, um dos atores pol\u00edticos mais influentes do regime.<\/p>\n<p>Matilde Fieschi<\/p>\n<p>Catarina Santos Botelho, professora da Faculdade de Direito do Porto da Universidade Cat\u00f3lica e titular da C\u00e1tedra de Direito Constitucional, explica a origem do modelo portugu\u00eas e compara-o com outras democracias. A an\u00e1lise passa pela revis\u00e3o constitucional de 1982, que alterou os poderes presidenciais \u2014 teoricamente reduzindo-os, mas, segundo alguns autores, refor\u00e7ando a sua influ\u00eancia pol\u00edtica.<\/p>\n<p>Catarina Santos Botelho analisa casos concretos e destaca modelos de exerc\u00edcio do cargo, incluindo a ideia de que Cavaco Silva foi o Presidente que melhor resistiu \u00e0 tenta\u00e7\u00e3o de personalizar o poder presidencial. Aborda ainda zonas cinzentas do texto constitucional, como a possibilidade te\u00f3rica de um Presidente bloquear uma lei simplesmente n\u00e3o a promulgando \u2014 um cen\u00e1rio que a Constitui\u00e7\u00e3o pressup\u00f5e n\u00e3o vir a acontecer.<\/p>\n<p>Por fim, o epis\u00f3dio explora os limites \u00faltimos do poder presidencial: at\u00e9 onde pode ir um Presidente que decida \u201cesticar\u201d a Constitui\u00e7\u00e3o? Seriam poss\u00edveis governos de iniciativa presidencial? Debatem-se tamb\u00e9m propostas de reforma, como a introdu\u00e7\u00e3o de um mandato \u00fanico mais longo, e o papel crucial do Tribunal Constitucional como garante do equil\u00edbrio entre \u00f3rg\u00e3os de soberania. Um guia essencial para compreender o poder real \u2014 e potencial \u2014 do Presidente da Rep\u00fablica.<\/p>\n<p>O 45 Graus \u00e9 um podcast para saber mais e pensar criticamente. Jos\u00e9 Maria Pimentel &#8211; economista, professor universit\u00e1rio e curioso por natureza &#8211; conversa sobre os grandes temas (e n\u00e3o s\u00f3) com especialistas e pessoas cujas ideias vale a pena ouvir. S\u00e3o conversas sem pressa, \u00e0s vezes profundas, mas sempre descontra\u00eddas. Novos epis\u00f3dios a cada duas semanas, sempre \u00e0 quarta-feira.<\/p>\n","protected":false},"excerpt":{"rendered":"45 Graus Podcast Com elei\u00e7\u00f5es presidenciais j\u00e1 este domingo, 18 de janeiro, o 45 Graus regressa ao tema&hellip;\n","protected":false},"author":2,"featured_media":230807,"comment_status":"","ping_status":"","sticky":false,"template":"","format":"standard","meta":{"footnotes":""},"categories":[10],"tags":[27,28,15,16,14,25,26,21,22,12,13,19,20,32,23,24,33,17,18,29,30,31],"class_list":{"0":"post-230806","1":"post","2":"type-post","3":"status-publish","4":"format-standard","5":"has-post-thumbnail","7":"category-portugal","8":"tag-breaking-news","9":"tag-breakingnews","10":"tag-featured-news","11":"tag-featurednews","12":"tag-headlines","13":"tag-latest-news","14":"tag-latestnews","15":"tag-main-news","16":"tag-mainnews","17":"tag-news","18":"tag-noticias","19":"tag-noticias-principais","20":"tag-noticiasprincipais","21":"tag-portugal","22":"tag-principais-noticias","23":"tag-principaisnoticias","24":"tag-pt","25":"tag-top-stories","26":"tag-topstories","27":"tag-ultimas","28":"tag-ultimas-noticias","29":"tag-ultimasnoticias"},"share_on_mastodon":{"url":"https:\/\/pubeurope.com\/@pt\/115901918223045446","error":""},"_links":{"self":[{"href":"https:\/\/www.europesays.com\/pt\/wp-json\/wp\/v2\/posts\/230806","targetHints":{"allow":["GET"]}}],"collection":[{"href":"https:\/\/www.europesays.com\/pt\/wp-json\/wp\/v2\/posts"}],"about":[{"href":"https:\/\/www.europesays.com\/pt\/wp-json\/wp\/v2\/types\/post"}],"author":[{"embeddable":true,"href":"https:\/\/www.europesays.com\/pt\/wp-json\/wp\/v2\/users\/2"}],"replies":[{"embeddable":true,"href":"https:\/\/www.europesays.com\/pt\/wp-json\/wp\/v2\/comments?post=230806"}],"version-history":[{"count":0,"href":"https:\/\/www.europesays.com\/pt\/wp-json\/wp\/v2\/posts\/230806\/revisions"}],"wp:featuredmedia":[{"embeddable":true,"href":"https:\/\/www.europesays.com\/pt\/wp-json\/wp\/v2\/media\/230807"}],"wp:attachment":[{"href":"https:\/\/www.europesays.com\/pt\/wp-json\/wp\/v2\/media?parent=230806"}],"wp:term":[{"taxonomy":"category","embeddable":true,"href":"https:\/\/www.europesays.com\/pt\/wp-json\/wp\/v2\/categories?post=230806"},{"taxonomy":"post_tag","embeddable":true,"href":"https:\/\/www.europesays.com\/pt\/wp-json\/wp\/v2\/tags?post=230806"}],"curies":[{"name":"wp","href":"https:\/\/api.w.org\/{rel}","templated":true}]}}