{"id":230812,"date":"2026-01-16T00:30:25","date_gmt":"2026-01-16T00:30:25","guid":{"rendered":"https:\/\/www.europesays.com\/pt\/230812\/"},"modified":"2026-01-16T00:30:25","modified_gmt":"2026-01-16T00:30:25","slug":"exterminio-o-templo-dos-ossos-cinema","status":"publish","type":"post","link":"https:\/\/www.europesays.com\/pt\/230812\/","title":{"rendered":"Exterm\u00ednio: O Templo dos Ossos &#8211; Cinema"},"content":{"rendered":"<p>        <img decoding=\"async\" src=\"https:\/\/www.europesays.com\/pt\/wp-content\/uploads\/2026\/01\/Exterminio-O-Templo-Dos-Ossos-Sony-Pictures.jpg\" class=\"mainimg\" alt=\"\"\/><\/p>\n<p>Reprodu\u00e7\u00e3o | Sony Pictures<\/p>\n<p>            <strong>Classifica\u00e7\u00e3o:<\/strong> 18 anos<br \/><strong>Dura\u00e7\u00e3o:<\/strong> 120 minutos<strong>Dire\u00e7\u00e3o:<\/strong> Nia DaCosta<br \/><strong>No elenco:<\/strong> Ralph Fiennes, Jack O&#8217;Connell, Alfie Williams<strong class=\"flagyear\">\u00a0 2026<\/strong>\n        <\/p>\n<p>Dr. Kelson se v\u00ea envolvido num novo relacionamento chocante, com consequ\u00eancias que podem mudar o mundo como eles o conhecem \u2013 e o encontro de Spike com Jimmy Crystal se torna um pesadelo do qual ele n\u00e3o consegue escapar.<\/p>\n<p>                    <a href=\"#\" id=\"hor\"\/><br \/>\n                    \ud83c\udf7f Salas e hor\u00e1rios<br \/>\n                    &#13;<br \/>\n&#13;<br \/>\n&#13;<\/p>\n<p>            warning_amberOs hor\u00e1rios e pre\u00e7os podem ser alterados pelos cinemas sem aviso\n        <\/p>\n","protected":false},"excerpt":{"rendered":"Reprodu\u00e7\u00e3o | Sony Pictures Classifica\u00e7\u00e3o: 18 anosDura\u00e7\u00e3o: 120 minutosDire\u00e7\u00e3o: Nia DaCostaNo elenco: Ralph Fiennes, Jack O&#8217;Connell, Alfie Williams\u00a0&hellip;\n","protected":false},"author":2,"featured_media":230813,"comment_status":"","ping_status":"","sticky":false,"template":"","format":"standard","meta":{"footnotes":""},"categories":[140],"tags":[114,115,147,148,146,32,33],"class_list":{"0":"post-230812","1":"post","2":"type-post","3":"status-publish","4":"format-standard","5":"has-post-thumbnail","7":"category-filmes","8":"tag-entertainment","9":"tag-entretenimento","10":"tag-film","11":"tag-filmes","12":"tag-movies","13":"tag-portugal","14":"tag-pt"},"share_on_mastodon":{"url":"https:\/\/pubeurope.com\/@pt\/115901957572447248","error":""},"_links":{"self":[{"href":"https:\/\/www.europesays.com\/pt\/wp-json\/wp\/v2\/posts\/230812","targetHints":{"allow":["GET"]}}],"collection":[{"href":"https:\/\/www.europesays.com\/pt\/wp-json\/wp\/v2\/posts"}],"about":[{"href":"https:\/\/www.europesays.com\/pt\/wp-json\/wp\/v2\/types\/post"}],"author":[{"embeddable":true,"href":"https:\/\/www.europesays.com\/pt\/wp-json\/wp\/v2\/users\/2"}],"replies":[{"embeddable":true,"href":"https:\/\/www.europesays.com\/pt\/wp-json\/wp\/v2\/comments?post=230812"}],"version-history":[{"count":0,"href":"https:\/\/www.europesays.com\/pt\/wp-json\/wp\/v2\/posts\/230812\/revisions"}],"wp:featuredmedia":[{"embeddable":true,"href":"https:\/\/www.europesays.com\/pt\/wp-json\/wp\/v2\/media\/230813"}],"wp:attachment":[{"href":"https:\/\/www.europesays.com\/pt\/wp-json\/wp\/v2\/media?parent=230812"}],"wp:term":[{"taxonomy":"category","embeddable":true,"href":"https:\/\/www.europesays.com\/pt\/wp-json\/wp\/v2\/categories?post=230812"},{"taxonomy":"post_tag","embeddable":true,"href":"https:\/\/www.europesays.com\/pt\/wp-json\/wp\/v2\/tags?post=230812"}],"curies":[{"name":"wp","href":"https:\/\/api.w.org\/{rel}","templated":true}]}}