{"id":230819,"date":"2026-01-16T00:36:09","date_gmt":"2026-01-16T00:36:09","guid":{"rendered":"https:\/\/www.europesays.com\/pt\/230819\/"},"modified":"2026-01-16T00:36:09","modified_gmt":"2026-01-16T00:36:09","slug":"herdeiro-do-xa-quer-democracia-no-irao-e-reconhecimento-de-israel","status":"publish","type":"post","link":"https:\/\/www.europesays.com\/pt\/230819\/","title":{"rendered":"Herdeiro do x\u00e1 quer democracia no Ir\u00e3o e reconhecimento de Israel"},"content":{"rendered":"<p>Reza Pahlavi, exilado nos Estados Unidos, descreveu um futuro Ir\u00e3o sem programa nuclear nem apoio a &#8220;grupos terroristas&#8221;, rela\u00e7\u00f5es restabelecidas com os EUA e o reconhecimento do Estado de Israel, na rede social X.<\/p>\n<p>&#8220;Para alcan\u00e7ar isso, agora \u00e9 a hora de apoiar o povo iraniano. A queda da Rep\u00fablica Isl\u00e2mica e o estabelecimento de um governo secular e democr\u00e1tico no Ir\u00e3o n\u00e3o apenas restaurar\u00e3o a dignidade do meu povo, mas tamb\u00e9m beneficiar\u00e3o a regi\u00e3o e o Mundo&#8221;, escreveu.<\/p>\n<p>O filho mais velho de Mohammad Reza Pahlavi destacou que o seu pa\u00eds, sob o &#8220;jugo&#8221; do ayatollah (l\u00edder supremo), atualmente Ali Khamenei, \u00e9 identificado no imagin\u00e1rio coletivo do resto do Mundo com &#8220;terrorismo&#8221;, &#8220;extremismo&#8221; e &#8220;pobreza&#8221;.<\/p>\n<p>Para Pahlavi, o &#8220;verdadeiro Ir\u00e3o&#8221; \u00e9 &#8220;diferente&#8221;, &#8220;belo&#8221;, &#8220;pac\u00edfico&#8221; e &#8220;pr\u00f3spero&#8221;, que &#8220;ressurgir\u00e1 das cinzas&#8221; quando o atual regime &#8220;cair&#8221;.<\/p>\n<p>&#8220;O Ir\u00e3o vai agir como um amigo e uma for\u00e7a estabilizadora na regi\u00e3o. E ser\u00e1 um parceiro respons\u00e1vel na seguran\u00e7a global&#8221;, declarou, elegendo como prioridades o combate ao terrorismo, crime organizado, narcotr\u00e1fico e islamismo extremista.<\/p>\n<p>O herdeiro do antigo x\u00e1 defendeu que o Ir\u00e3o promova a expans\u00e3o dos acordos de Abra\u00e3o &#8212; um entendimento, em 2020, atrav\u00e9s do qual Israel normalizou rela\u00e7\u00f5es com alguns pa\u00edses \u00e1rabes vizinhos, designando tal iniciativa como &#8220;acordos de Ciro&#8221;, para unir Ir\u00e3o, Israel e outros pa\u00edses \u00e1rabes mu\u00e7ulmanos.<\/p>\n<p>Pahlavi referiu tamb\u00e9m que o seu pa\u00eds pode vir a ser um confi\u00e1vel fornecedor de energia para o Mundo e, com abertura da sua economia, as oportunidades surgiriam em vez do atual &#8220;isolamento&#8221; internacional.<\/p>\n<p>Em entrevista recente ao jornal brit\u00e2nico Daily Mail, Pahlavi ofereceu-se para liderar a transi\u00e7\u00e3o democr\u00e1tica do Ir\u00e3o, mas excluiu a hip\u00f3tese de governar o pa\u00eds.<\/p>\n<p>Desde 28 de dezembro, t\u00eam havido manifesta\u00e7\u00f5es e confrontos no Ir\u00e3o, iniciados por protestos contra a situa\u00e7\u00e3o econ\u00f3mica, mas que foram entretanto violentamente reprimidos pelas autoridades, registando-se centenas de mortos e feridos, algo que levou o Presidente norte-americano, Donald Trump, a amea\u00e7ar uma interven\u00e7\u00e3o militar.<\/p>\n<p>Leia Tamb\u00e9m: <a href=\"https:\/\/www.noticiasaominuto.com\/mundo\/2919423\/estados-unidos-anunciam-entrada-em-vigor-da-2-fase-do-plano-para-gaza\" target=\"_blank\" rel=\"noopener noreferrer nofollow\">Estados Unidos anunciam entrada em vigor da 2.\u00aa fase do plano para Gaza<\/a><\/p>\n","protected":false},"excerpt":{"rendered":"Reza Pahlavi, exilado nos Estados Unidos, descreveu um futuro Ir\u00e3o sem programa nuclear nem apoio a &#8220;grupos terroristas&#8221;,&hellip;\n","protected":false},"author":2,"featured_media":230820,"comment_status":"","ping_status":"","sticky":false,"template":"","format":"standard","meta":{"footnotes":""},"categories":[50],"tags":[27,28,15,16,14,25,26,21,22,62,12,13,19,20,23,24,17,18,29,30,31,63,64,65],"class_list":{"0":"post-230819","1":"post","2":"type-post","3":"status-publish","4":"format-standard","5":"has-post-thumbnail","7":"category-mundo","8":"tag-breaking-news","9":"tag-breakingnews","10":"tag-featured-news","11":"tag-featurednews","12":"tag-headlines","13":"tag-latest-news","14":"tag-latestnews","15":"tag-main-news","16":"tag-mainnews","17":"tag-mundo","18":"tag-news","19":"tag-noticias","20":"tag-noticias-principais","21":"tag-noticiasprincipais","22":"tag-principais-noticias","23":"tag-principaisnoticias","24":"tag-top-stories","25":"tag-topstories","26":"tag-ultimas","27":"tag-ultimas-noticias","28":"tag-ultimasnoticias","29":"tag-world","30":"tag-world-news","31":"tag-worldnews"},"share_on_mastodon":{"url":"https:\/\/pubeurope.com\/@pt\/115901981374303382","error":""},"_links":{"self":[{"href":"https:\/\/www.europesays.com\/pt\/wp-json\/wp\/v2\/posts\/230819","targetHints":{"allow":["GET"]}}],"collection":[{"href":"https:\/\/www.europesays.com\/pt\/wp-json\/wp\/v2\/posts"}],"about":[{"href":"https:\/\/www.europesays.com\/pt\/wp-json\/wp\/v2\/types\/post"}],"author":[{"embeddable":true,"href":"https:\/\/www.europesays.com\/pt\/wp-json\/wp\/v2\/users\/2"}],"replies":[{"embeddable":true,"href":"https:\/\/www.europesays.com\/pt\/wp-json\/wp\/v2\/comments?post=230819"}],"version-history":[{"count":0,"href":"https:\/\/www.europesays.com\/pt\/wp-json\/wp\/v2\/posts\/230819\/revisions"}],"wp:featuredmedia":[{"embeddable":true,"href":"https:\/\/www.europesays.com\/pt\/wp-json\/wp\/v2\/media\/230820"}],"wp:attachment":[{"href":"https:\/\/www.europesays.com\/pt\/wp-json\/wp\/v2\/media?parent=230819"}],"wp:term":[{"taxonomy":"category","embeddable":true,"href":"https:\/\/www.europesays.com\/pt\/wp-json\/wp\/v2\/categories?post=230819"},{"taxonomy":"post_tag","embeddable":true,"href":"https:\/\/www.europesays.com\/pt\/wp-json\/wp\/v2\/tags?post=230819"}],"curies":[{"name":"wp","href":"https:\/\/api.w.org\/{rel}","templated":true}]}}