{"id":230821,"date":"2026-01-16T00:37:27","date_gmt":"2026-01-16T00:37:27","guid":{"rendered":"https:\/\/www.europesays.com\/pt\/230821\/"},"modified":"2026-01-16T00:37:27","modified_gmt":"2026-01-16T00:37:27","slug":"o-regresso-de-antonio-jose-seguro-dez-anos-depois-e-o-sonho-de-belem-sem-primeira-dama-the-mag","status":"publish","type":"post","link":"https:\/\/www.europesays.com\/pt\/230821\/","title":{"rendered":"O regresso de Ant\u00f3nio Jos\u00e9 Seguro, dez anos depois, e o sonho de Bel\u00e9m&#8230; sem Primeira-Dama &#8211; The Mag"},"content":{"rendered":"<p class=\"\">&#13;<br \/>\n        \u201cSou uma pessoa muito tranquila e estou muito confiante de que n\u00e3o s\u00f3 passarei \u00e0 segunda volta, como serei o candidato mais votado para ser Presidente da Rep\u00fablica.\u201d As declara\u00e7\u00f5es s\u00e3o de novembro e mostram a confian\u00e7a inabal\u00e1vel de Ant\u00f3nio Jos\u00e9 Seguro no caminho para Bel\u00e9m, e tamb\u00e9m que o longo interregno pol\u00edtico n\u00e3o lhe roubou a seguran\u00e7a daquele que acredita ser o seu destino.<br \/>&#13;\n    <\/p>\n<p class=\"\">&#13;<br \/>\n        Foram dez anos fora das lides pol\u00edticas, que abandonou em setembro de 2014, na sequ\u00eancia da derrota das elei\u00e7\u00f5es prim\u00e1rias contra Ant\u00f3nio Costa. De l\u00e1 para c\u00e1, deu aulas e fez muita coisa, que passou quase sempre por n\u00e3o se manifestar sobre os verdadeiros embates do pa\u00eds, optando por se manter \u00e0 margem. Regressaria para a corrida \u00e0 Presid\u00eancia da Rep\u00fablica, numa candidatura que definiu \u201csem amarras\u201d e aberta a todos os democratas, sendo que apenas quatro meses depois o PS formalizaria o seu apoio.&#13;\n    <\/p>\n<p>        &#13;<br \/>\n            O regresso de Ant\u00f3nio Jos\u00e9 Seguro, dez anos depois, e o sonho de Bel\u00e9m&#8230; sem Primeira-Dama&#13;<\/p>\n<p>                        &#13;<br \/>\n                            &#13;<br \/>\n                                <img decoding=\"async\" class=\"img-fluid\" src=\"https:\/\/www.europesays.com\/pt\/wp-content\/uploads\/2026\/01\/img_828x523uu2025-11-18-19-45-23-397035.jpg\" alt=\"Ant\u00f3nio Jos\u00e9 Seguro recorda a m\u00e3e e o poema de Drummond de Andrade\" data-title=\"Ant\u00f3nio Jos\u00e9 Seguro recorda a m\u00e3e e o poema de Drummond de Andrade\" data-credit=\"Foto: Arquivo Medialivre\" data-img-id=\"397035\"\/>&#13;<br \/>\n                            &#13;<\/p>\n<p>                        &#13;<br \/>\n                            &#13;<br \/>\n                                <img decoding=\"async\" class=\"img-fluid\" src=\"https:\/\/www.europesays.com\/pt\/wp-content\/uploads\/2026\/01\/img_828x523uu2025-11-18-19-45-23-397036.jpg\" alt=\"Seguro recorda a m\u00e3e e o impacto da sua perda ap\u00f3s assumir a lideran\u00e7a do PS\" data-title=\"Seguro recorda a m\u00e3e e o impacto da sua perda ap\u00f3s assumir a lideran\u00e7a do PS\" data-credit=\"Foto: Arquivo Medialivre\" data-img-id=\"397036\"\/>&#13;<br \/>\n                            &#13;<\/p>\n<p>            &#13;<\/p>\n<p>                    &#13;<br \/>\n                        &#13;<\/p>\n<p>                                &#13;<br \/>\n                                    <img decoding=\"async\" class=\"img-fluid\" loading=\"lazy\" src=\"https:\/\/www.europesays.com\/pt\/wp-content\/uploads\/2026\/01\/img_176x111uu2025-11-18-19-45-23-397035.jpg\" alt=\"Ant\u00f3nio Jos\u00e9 Seguro recorda a m\u00e3e e o poema de Drummond de Andrade\"\/>&#13;<\/p>\n<p>                                &#13;<br \/>\n                                    <img decoding=\"async\" class=\"img-fluid\" loading=\"lazy\" src=\"https:\/\/www.europesays.com\/pt\/wp-content\/uploads\/2026\/01\/img_176x111uu2025-11-18-19-45-23-397036.jpg\" alt=\"Seguro recorda a m\u00e3e e o impacto da sua perda ap\u00f3s assumir a lideran\u00e7a do PS\"\/>&#13;<\/p>\n<p>            &#13;<br \/>\n            &#13;<br \/>\n&#13;<\/p>\n<p class=\"\">&#13;<br \/>\n        Discreto e contido, \u00e9-o tanto na vida pol\u00edtica como privada, ainda que tenha na mulher, Margarida Maldonado Freitas, e nos dois filhos um grande pilar. A hist\u00f3ria de amor vem da juventude e \u00e9 bastante conhecida, uma vez que mostra uma imagem de Seguro a que n\u00e3o estamos habituados. \u201cEstava numa discoteca, subi para cima de uma coluna a dan\u00e7ar, estava entre amigos\u201d, contou sobre o momento em que viu pela primeira vez aquela que viria a ser a m\u00e3e dos filhos. \u201cA minha mulher \u00e9 muito bonita, por dentro e por fora. Apaixon\u00e1mo-nos \u00e0 primeira vista e passados umas semanas est\u00e1vamos a namorar. Somos diferentes, mas completamo-nos bem. \u00c9 especial para mim.\u201d&#13;\n    <\/p>\n<p>                            &#13;<br \/>\n                                <img decoding=\"async\" src=\"https:\/\/www.europesays.com\/pt\/wp-content\/uploads\/2026\/01\/img_590x373uu2026-01-13-16-17-32-399769.jpg\" loading=\"lazy\" class=\"img-responsive\" alt=\"Ant\u00f3nio Jos\u00e9 Seguro regressa e abra\u00e7a apoiante\"\/>&#13;<\/p>\n<p>&#13;<br \/>\n                                Ant\u00f3nio Jos\u00e9 Seguro regressa e abra\u00e7a apoiante&#13;\n                            <\/p>\n<p class=\"\">&#13;<br \/>\n        Apesar disso, se for eleito Presidente da Rep\u00fablica, n\u00e3o \u00e9 de esperar que Seguro tenha a seu lado a mulher como Primeira-Dama a tempo inteiro. Em primeiro lugar, em entrevista ao &#8216;Expresso&#8217;, o candidato manifestou o desejo de n\u00e3o ocupar o Pal\u00e1cio de Bel\u00e9m como morada oficial e manter a sua resid\u00eancia nas Caldas da Rainha. \u201c<b>Vou ficar a viver nas Caldas [da Rainha]\u201d<\/b>, diz, acrescentando que quer manter-se junto \u00e0 fam\u00edlia, ainda que n\u00e3o descarte a hip\u00f3tese de pernoitar em Lisboa sempre que for preciso.<br \/>&#13;\n    <\/p>\n<p class=\"\">&#13;<br \/>\n        Em segundo lugar, a mulher, Margarida,\u00a0farmac\u00eautica e propriet\u00e1ria de farm\u00e1cias, j\u00e1 fez saber que ir\u00e1 manter a sua ocupa\u00e7\u00e3o e que estar\u00e1 ao lado do marido mais como apoiante do que propriamente como Primeira-Dama oficial.\u00a0<b>\u201cA Margarida tem a interpreta\u00e7\u00e3o de que n\u00e3o h\u00e1 o cargo de primeira-dama em Portugal.\u00a0<\/b>Continuar\u00e1 a fazer a sua vida profissional e estar\u00e1 presente quando a exig\u00eancia de Estado o justifique\u201d, revela o candidato que, nascido em Penamacor &#8211; Castelo Branco &#8211; gosta de recordar a inf\u00e2ncia com brincadeiras na rua e uma normalidade que, de resto, tenta adaptar aos dias de hoje, afirmando-se como o mais &#8220;moderado&#8221; dos candidatos.\u00a0&#13;\n    <\/p>\n<p>                            &#13;<br \/>\n                                <img decoding=\"async\" src=\"https:\/\/www.europesays.com\/pt\/wp-content\/uploads\/2026\/01\/img_590x373uu2026-01-13-16-18-15-399770.jpg\" loading=\"lazy\" class=\"img-responsive\" alt=\"Ant\u00f3nio Jos\u00e9 Seguro procura apoio para Bel\u00e9m\"\/>&#13;<\/p>\n<p>&#13;<br \/>\n                                Ant\u00f3nio Jos\u00e9 Seguro procura apoio para Bel\u00e9m&#13;\n                            <\/p>\n<p class=\"\">&#13;<br \/>\n        <b>&#8220;Perten\u00e7o\u00a0\u00e0quela\u00a0esquerda\u00a0moderada,\u00a0\u00e0quela\u00a0esquerda\u00a0moderna\u00a0que\u00a0se\u00a0afirma\u00a0com\u00a0solu\u00e7\u00f5es\u00a0concretas\u00a0para\u00a0os\u00a0problemas\u00a0das\u00a0pessoas&#8221;, esclareceu para mostrar que n\u00e3o est\u00e1 preso a qualquer partido. &#8220;Sou um homem livre e sem amarras.\u00a0<\/b>\u00a0Quem me tenta capturar n\u00e3o \u00e9 bem sucedido.&#8221;&#13;\n    <\/p>\n<p>        &#13;<br \/>\n            Saber mais sobre&#13;<br \/>\n            &#13;<br \/>\n            &#13;<\/p>\n<p>    &#13;<br \/>\n        &#13;<br \/>\n        &#13;<br \/>\n&#13;<\/p>\n","protected":false},"excerpt":{"rendered":"&#13; \u201cSou uma pessoa muito tranquila e estou muito confiante de que n\u00e3o s\u00f3 passarei \u00e0 segunda volta,&hellip;\n","protected":false},"author":2,"featured_media":230822,"comment_status":"","ping_status":"","sticky":false,"template":"","format":"standard","meta":{"footnotes":""},"categories":[10],"tags":[3399,4508,27,28,43930,44230,15,16,14,25,26,21,22,3968,12,13,19,20,32,14937,23,24,33,17,18,29,30,31],"class_list":{"0":"post-230821","1":"post","2":"type-post","3":"status-publish","4":"format-standard","5":"has-post-thumbnail","7":"category-portugal","8":"tag-antonio-jose-seguro","9":"tag-belem","10":"tag-breaking-news","11":"tag-breakingnews","12":"tag-candidato-a-presidencia-da-republica","13":"tag-eleicoes-primarias","14":"tag-featured-news","15":"tag-featurednews","16":"tag-headlines","17":"tag-latest-news","18":"tag-latestnews","19":"tag-main-news","20":"tag-mainnews","21":"tag-mulher","22":"tag-news","23":"tag-noticias","24":"tag-noticias-principais","25":"tag-noticiasprincipais","26":"tag-portugal","27":"tag-presidencia-da-republica","28":"tag-principais-noticias","29":"tag-principaisnoticias","30":"tag-pt","31":"tag-top-stories","32":"tag-topstories","33":"tag-ultimas","34":"tag-ultimas-noticias","35":"tag-ultimasnoticias"},"share_on_mastodon":{"url":"","error":"Validation failed: Text character limit of 500 exceeded"},"_links":{"self":[{"href":"https:\/\/www.europesays.com\/pt\/wp-json\/wp\/v2\/posts\/230821","targetHints":{"allow":["GET"]}}],"collection":[{"href":"https:\/\/www.europesays.com\/pt\/wp-json\/wp\/v2\/posts"}],"about":[{"href":"https:\/\/www.europesays.com\/pt\/wp-json\/wp\/v2\/types\/post"}],"author":[{"embeddable":true,"href":"https:\/\/www.europesays.com\/pt\/wp-json\/wp\/v2\/users\/2"}],"replies":[{"embeddable":true,"href":"https:\/\/www.europesays.com\/pt\/wp-json\/wp\/v2\/comments?post=230821"}],"version-history":[{"count":0,"href":"https:\/\/www.europesays.com\/pt\/wp-json\/wp\/v2\/posts\/230821\/revisions"}],"wp:featuredmedia":[{"embeddable":true,"href":"https:\/\/www.europesays.com\/pt\/wp-json\/wp\/v2\/media\/230822"}],"wp:attachment":[{"href":"https:\/\/www.europesays.com\/pt\/wp-json\/wp\/v2\/media?parent=230821"}],"wp:term":[{"taxonomy":"category","embeddable":true,"href":"https:\/\/www.europesays.com\/pt\/wp-json\/wp\/v2\/categories?post=230821"},{"taxonomy":"post_tag","embeddable":true,"href":"https:\/\/www.europesays.com\/pt\/wp-json\/wp\/v2\/tags?post=230821"}],"curies":[{"name":"wp","href":"https:\/\/api.w.org\/{rel}","templated":true}]}}