{"id":230823,"date":"2026-01-16T00:39:12","date_gmt":"2026-01-16T00:39:12","guid":{"rendered":"https:\/\/www.europesays.com\/pt\/230823\/"},"modified":"2026-01-16T00:39:12","modified_gmt":"2026-01-16T00:39:12","slug":"virginia-revela-que-maria-alice-e-maria-flor-farao-cirurgia-em-breve-medico-recomendou","status":"publish","type":"post","link":"https:\/\/www.europesays.com\/pt\/230823\/","title":{"rendered":"Virginia revela que Maria Alice e Maria Flor far\u00e3o cirurgia em breve: &#8216;M\u00e9dico recomendou&#8217;"},"content":{"rendered":"<p>A influenciadora digital \u00a0<a href=\"https:\/\/caras.com.br\/tags\/virginia\" rel=\"nofollow noopener\" target=\"_blank\"><strong>Virginia Fonseca<\/strong><\/a> surpreendeu <a href=\"https:\/\/caras.com.br\/horoscopo\/futuro-de-vini-jr-com-virginia-e-revelado-por-vidente-quimica.phtml\" rel=\"nofollow noopener\" target=\"_blank\">ao contar<\/a> que as filhas, <strong>Maria Alice,<\/strong> de 4 anos, e <strong>Maria Flor<\/strong>, de 3, v\u00e3o passar por uma cirurgia em breve. Ela relatou que as meninas precisar\u00e3o operar para corrigir a adenoide e retirar as am\u00edgdalas, que s\u00e3o tecidos localizados na garganta e atr\u00e1s do nariz.<\/p>\n<p>A empres\u00e1ria falou sobre o assunto ao contar que passou a\u00a0 noite com as pequenas. Segundo ela, a condi\u00e7\u00e3o tem prejudicado o sono das duas. \u201cHoje as Marias dormiram comigo. As duas roncam muito, pois t\u00eam am\u00edgdalas e adenoides muito grandes\u201d, afirmou.<\/p>\n<p>Em seguida, contou que a cirurgia deve acontecer em breve. \u201cEste ano vai sair a cirurgia. O m\u00e9dico recomendou, pois estava atrapalhando elas\u201d, disse ela, que completou contando que Maria Flor costuma acordar durante a madrugada. \u201cA Flor acorda a noite inteira e s\u00f3 acorda para falar alguma coisa. Eu falo para ela voltar a dormir e ela volta\u201d, detalhou.<\/p>\n<p>Apesar da previs\u00e3o para este ano, a opera\u00e7\u00e3o ainda n\u00e3o foi marcada. Vale lembrar que as meninas s\u00e3o fruto de seu relacionamento com o cantor\u00a0<a href=\"https:\/\/caras.com.br\/tags\/ze-felipe\" target=\"_blank\" rel=\"noopener nofollow\"><strong>Z\u00e9 Felipe. \u00a0<\/strong><\/a>O ex-casal tamb\u00e9m tem Jos\u00e9 Leonardo, de 1 ano.<\/p>\n<p>\t Veja o v\u00eddeo: <\/p>\n<blockquote class=\"twitter-tweet\" data-media-max-width=\"560\">\n<p dir=\"ltr\" lang=\"pt\">Virginia revela que Maria Alice e Maria Flor v\u00e3o passar por cirurgia <a href=\"https:\/\/t.co\/kmvg3LIfLo\" rel=\"nofollow\">pic.twitter.com\/kmvg3LIfLo<\/a><\/p>\n<p>\u2014 TV e Famosos (@TVeFamosos2) <a href=\"https:\/\/twitter.com\/TVeFamosos2\/status\/2011864586551771243?ref_src=twsrc%5Etfw\" rel=\"nofollow noopener\" target=\"_blank\">January 15, 2026<\/a><\/p>\n<\/blockquote>\n<p>  Quando a cirurgia \u00e9 indicada? <\/p>\n<p>Especialistas recomendam a cirurgia de adenoide quando a crian\u00e7a apresenta infec\u00e7\u00f5es frequentes, apneia do sono, roncos intensos, dificuldades respirat\u00f3rias persistentes ou altera\u00e7\u00f5es no desenvolvimento facial e na qualidade do sono. Al\u00e9m disso, o procedimento ajuda a melhorar a respira\u00e7\u00e3o e o conforto noturno.<\/p>\n<p>Normalmente, a recupera\u00e7\u00e3o da adenoide \u00e9 r\u00e1pida e pouco dolorosa. No entanto, quando o cirurgi\u00e3o retira tamb\u00e9m as am\u00edgdalas, a crian\u00e7a pode sentir dor moderada na garganta por alguns dias.<\/p>\n<p>Os m\u00e9dicos realizam a cirurgia em ambiente hospitalar, e a alta geralmente ocorre no mesmo dia ou dentro de 24 horas, dependendo da idade da crian\u00e7a, do tipo de procedimento e da resposta ao p\u00f3s-operat\u00f3rio.<\/p>\n<p>Leia tamb\u00e9m: <a href=\"https:\/\/caras.com.br\/kids\/virginia-mostra-os-tres-filhos-usando-uniformes-do-time-de-vini-jr.phtml\" rel=\"nofollow noopener\" target=\"_blank\">Virginia mostra os tr\u00eas filhos usando uniformes do time de Vini Jr.<\/a><\/p>\n<blockquote class=\"instagram-media\" style=\"background: #FFF; border: 0; border-radius: 3px; box-shadow: 0 0 1px 0 rgba(0,0,0,0.5),0 1px 10px 0 rgba(0,0,0,0.15); margin: 1px; max-width: 540px; min-width: 326px; padding: 0; width: calc(100% - 2px);\" data-instgrm-captioned=\"\" data-instgrm-permalink=\"https:\/\/www.instagram.com\/p\/DTEBRmGjCsu\/?utm_source=ig_embed&amp;utm_campaign=loading\" data-instgrm-version=\"14\"><\/blockquote>\n<p>        <a href=\"https:\/\/caras.com.br\/autor\/juliana-dracz\" rel=\"nofollow noopener\" target=\"_blank\">&#13;<br \/>\n          <img loading=\"lazy\" decoding=\"async\" alt=\"Juliana Dracz\" src=\"https:\/\/www.europesays.com\/pt\/wp-content\/uploads\/2026\/01\/436551461_2434711450057729_5105646040807821088_n_sqmd.png\" class=\"avatar avatar-115 photo rounded-circle\" height=\"115\" width=\"115\"\/>        <\/a><\/p>\n<p>Juliana Dracz \u00e9 rep\u00f3rter de conte\u00fado do site CARAS. Formada em Jornalismo pela Universidade Cat\u00f3lica de Bras\u00edlia, ela j\u00e1 trabalhou em grandes sites de entretenimento. Atualmente, escreve sobre novelas, celebridades e TV.<\/p>\n<p>\t                                            <script async src=\"https:\/\/platform.twitter.com\/widgets.js\" charset=\"utf-8\"><\/script><script async src=\"\/\/www.instagram.com\/embed.js\"><\/script><\/p>\n","protected":false},"excerpt":{"rendered":"A influenciadora digital \u00a0Virginia Fonseca surpreendeu ao contar que as filhas, Maria Alice, de 4 anos, e Maria&hellip;\n","protected":false},"author":2,"featured_media":230824,"comment_status":"","ping_status":"","sticky":false,"template":"","format":"standard","meta":{"footnotes":""},"categories":[145],"tags":[211,210,114,115,1512,1513,32,33,973,1446],"class_list":{"0":"post-230823","1":"post","2":"type-post","3":"status-publish","4":"format-standard","5":"has-post-thumbnail","7":"category-celebridades","8":"tag-celebridades","9":"tag-celebrities","10":"tag-entertainment","11":"tag-entretenimento","12":"tag-maria-alice","13":"tag-maria-flor","14":"tag-portugal","15":"tag-pt","16":"tag-virginia","17":"tag-virginia-fonseca"},"share_on_mastodon":{"url":"https:\/\/pubeurope.com\/@pt\/115901993002434164","error":""},"_links":{"self":[{"href":"https:\/\/www.europesays.com\/pt\/wp-json\/wp\/v2\/posts\/230823","targetHints":{"allow":["GET"]}}],"collection":[{"href":"https:\/\/www.europesays.com\/pt\/wp-json\/wp\/v2\/posts"}],"about":[{"href":"https:\/\/www.europesays.com\/pt\/wp-json\/wp\/v2\/types\/post"}],"author":[{"embeddable":true,"href":"https:\/\/www.europesays.com\/pt\/wp-json\/wp\/v2\/users\/2"}],"replies":[{"embeddable":true,"href":"https:\/\/www.europesays.com\/pt\/wp-json\/wp\/v2\/comments?post=230823"}],"version-history":[{"count":0,"href":"https:\/\/www.europesays.com\/pt\/wp-json\/wp\/v2\/posts\/230823\/revisions"}],"wp:featuredmedia":[{"embeddable":true,"href":"https:\/\/www.europesays.com\/pt\/wp-json\/wp\/v2\/media\/230824"}],"wp:attachment":[{"href":"https:\/\/www.europesays.com\/pt\/wp-json\/wp\/v2\/media?parent=230823"}],"wp:term":[{"taxonomy":"category","embeddable":true,"href":"https:\/\/www.europesays.com\/pt\/wp-json\/wp\/v2\/categories?post=230823"},{"taxonomy":"post_tag","embeddable":true,"href":"https:\/\/www.europesays.com\/pt\/wp-json\/wp\/v2\/tags?post=230823"}],"curies":[{"name":"wp","href":"https:\/\/api.w.org\/{rel}","templated":true}]}}