{"id":230837,"date":"2026-01-16T00:51:36","date_gmt":"2026-01-16T00:51:36","guid":{"rendered":"https:\/\/www.europesays.com\/pt\/230837\/"},"modified":"2026-01-16T00:51:36","modified_gmt":"2026-01-16T00:51:36","slug":"lisboa-vai-haver-outro-concurso-para-o-subsidio-municipal-ao-arrendamento","status":"publish","type":"post","link":"https:\/\/www.europesays.com\/pt\/230837\/","title":{"rendered":"Lisboa. Vai haver outro concurso para o subs\u00eddio municipal ao arrendamento"},"content":{"rendered":"<p><b>Acompanhe toda a atualidade informativa em\u00a0<\/b><a href=\"http:\/\/24noticias.sapo.pt\/\" rel=\"nofollow noopener\" target=\"_blank\"><b>24noticias.sapo.pt<\/b><\/a><\/p>\n<p id=\"s-p-embed-6967\" data-start=\"714\" data-end=\"991\" data-is-last-node=\"\" data-is-only-node=\"\">O programa visa apoiar financeiramente fam\u00edlias que vivem em casas arrendadas no concelho e para quem a renda \u00e9 excessiva face ao rendimento dispon\u00edvel.<\/p>\n<p>O subs\u00eddio \u00e9 atribu\u00eddo mensalmente por um per\u00edodo m\u00e1ximo de um ano, podendo ser renovado por igual per\u00edodo, e destina-se a agregados com rendimentos globais superiores a 6.000 euros. Al\u00e9m das fam\u00edlias residentes, podem tamb\u00e9m candidatar-se profissionais deslocados essenciais para a cidade, como professores, pol\u00edcias e profissionais de sa\u00fade.<\/p>\n<p>Em comunicado enviado \u00e0s reda\u00e7\u00f5es, a C\u00e2mara de Lisboa diz que desde a primeira edi\u00e7\u00e3o, j\u00e1 foram atribu\u00eddos mais de 2.500 subs\u00eddios, num investimento total superior a seis milh\u00f5es de euros. A autarquia sublinha que a habita\u00e7\u00e3o continua a ser uma prioridade central, refor\u00e7ando o compromisso com uma cidade mais justa, inclusiva e acess\u00edvel.<\/p>\n<p>Os programas municipais de apoio \u00e0 habita\u00e7\u00e3o e o an\u00fancio da data de abertura do concurso podem ser consultados <a href=\"https:\/\/habitarlisboa.cm-lisboa.pt\/ords\/f?p=100:70::::::\" rel=\"nofollow noopener\" target=\"_blank\">aqui.<\/a><\/p>\n<p>___<\/p>\n<p><strong>A sua newsletter de sempre, agora ainda mais \u00fatil<\/strong><\/p>\n<p>Com o lan\u00e7amento da nova marca de informa\u00e7\u00e3o 24not\u00edcias, estamos a mudar a plataforma de newsletters, aproveitando para refor\u00e7ar a informa\u00e7\u00e3o que os leitores mais valorizam:<strong>\u00a0a que lhes \u00e9 \u00fatil, ajuda a tomar decis\u00f5es e a entender o mundo.<\/strong><\/p>\n<p><strong>Assine a nova newsletter do 24not\u00edcias\u00a0<a href=\"https:\/\/sapo.us1.list-manage.com\/subscribe?u=8f49263740b14ab5854be8045&amp;id=57a39c5e8f\" target=\"_blank\" rel=\"noreferrer noopener nofollow\">aqui<\/a>.<\/strong><\/p>\n","protected":false},"excerpt":{"rendered":"Acompanhe toda a atualidade informativa em\u00a024noticias.sapo.pt O programa visa apoiar financeiramente fam\u00edlias que vivem em casas arrendadas no&hellip;\n","protected":false},"author":2,"featured_media":230838,"comment_status":"","ping_status":"","sticky":false,"template":"","format":"standard","meta":{"footnotes":""},"categories":[10],"tags":[27,28,15,16,14,25,26,21,22,12,13,19,20,32,23,24,33,17,18,29,30,31],"class_list":{"0":"post-230837","1":"post","2":"type-post","3":"status-publish","4":"format-standard","5":"has-post-thumbnail","7":"category-portugal","8":"tag-breaking-news","9":"tag-breakingnews","10":"tag-featured-news","11":"tag-featurednews","12":"tag-headlines","13":"tag-latest-news","14":"tag-latestnews","15":"tag-main-news","16":"tag-mainnews","17":"tag-news","18":"tag-noticias","19":"tag-noticias-principais","20":"tag-noticiasprincipais","21":"tag-portugal","22":"tag-principais-noticias","23":"tag-principaisnoticias","24":"tag-pt","25":"tag-top-stories","26":"tag-topstories","27":"tag-ultimas","28":"tag-ultimas-noticias","29":"tag-ultimasnoticias"},"share_on_mastodon":{"url":"https:\/\/pubeurope.com\/@pt\/115902040138516664","error":""},"_links":{"self":[{"href":"https:\/\/www.europesays.com\/pt\/wp-json\/wp\/v2\/posts\/230837","targetHints":{"allow":["GET"]}}],"collection":[{"href":"https:\/\/www.europesays.com\/pt\/wp-json\/wp\/v2\/posts"}],"about":[{"href":"https:\/\/www.europesays.com\/pt\/wp-json\/wp\/v2\/types\/post"}],"author":[{"embeddable":true,"href":"https:\/\/www.europesays.com\/pt\/wp-json\/wp\/v2\/users\/2"}],"replies":[{"embeddable":true,"href":"https:\/\/www.europesays.com\/pt\/wp-json\/wp\/v2\/comments?post=230837"}],"version-history":[{"count":0,"href":"https:\/\/www.europesays.com\/pt\/wp-json\/wp\/v2\/posts\/230837\/revisions"}],"wp:featuredmedia":[{"embeddable":true,"href":"https:\/\/www.europesays.com\/pt\/wp-json\/wp\/v2\/media\/230838"}],"wp:attachment":[{"href":"https:\/\/www.europesays.com\/pt\/wp-json\/wp\/v2\/media?parent=230837"}],"wp:term":[{"taxonomy":"category","embeddable":true,"href":"https:\/\/www.europesays.com\/pt\/wp-json\/wp\/v2\/categories?post=230837"},{"taxonomy":"post_tag","embeddable":true,"href":"https:\/\/www.europesays.com\/pt\/wp-json\/wp\/v2\/tags?post=230837"}],"curies":[{"name":"wp","href":"https:\/\/api.w.org\/{rel}","templated":true}]}}