{"id":230839,"date":"2026-01-16T00:53:17","date_gmt":"2026-01-16T00:53:17","guid":{"rendered":"https:\/\/www.europesays.com\/pt\/230839\/"},"modified":"2026-01-16T00:53:17","modified_gmt":"2026-01-16T00:53:17","slug":"corina-machado-deu-a-trump-a-medalha-do-nobel-da-paz-venezuela","status":"publish","type":"post","link":"https:\/\/www.europesays.com\/pt\/230839\/","title":{"rendered":"Corina Machado deu a Trump a medalha do Nobel da Paz | Venezuela"},"content":{"rendered":"<p data-end=\"295\" data-start=\"36\">A Casa Branca afirmou nesta quinta-feira, 15 de Janeiro, que o Presidente Trump fez uma \u201cavalia\u00e7\u00e3o realista\u201d do apoio popular \u00e0 l\u00edder da oposi\u00e7\u00e3o venezuelana Mar\u00eda Corina Machado e n\u00e3o forneceu um novo cronograma para quando as elei\u00e7\u00f5es poder\u00e3o ocorrer no pa\u00eds sul-americano.<\/p>\n<p>A l\u00edder da oposi\u00e7\u00e3o venezuelana, Mar\u00eda Corina Machado, admitiu que deu como presente ao Presidente norte-americano, Donald Trump, a medalha do Pr\u00e9mio Nobel da Paz, com o qual foi galardoada no ano passado. O momento ter\u00e1 acontecido durante um encontro entre ambos na Casa Branca.<\/p>\n<p>Mar\u00eda Corina Machado afirmou tamb\u00e9m que conta com Donald Trump &#8220;para a liberdade da Venezuela&#8221;, ap\u00f3s a reuni\u00e3o a portas fechadas entre os dois na Casa Branca.<\/p>\n<p>&#8220;Contamos com o Presidente Trump para a liberdade da Venezuela&#8221;, declarou a pol\u00edtica ap\u00f3s deixar a reuni\u00e3o com o l\u00edder norte-americano, num momento em que se encontrou com v\u00e1rios dos seus apoiantes que se reuniram perto da Casa Branca para demonstrar apoio.<\/p>\n<p data-end=\"450\" data-is-last-node=\"\" data-is-only-node=\"\" data-start=\"297\"><a href=\"https:\/\/www.publico.pt\/2026\/01\/12\/mundo\/noticia\/trump-encontrase-corina-machado-quintafeira-2160963\" rel=\"nofollow noopener\" target=\"_blank\">Machado <\/a>esteve na Casa Branca para um almo\u00e7o com Trump na quinta-feira, enquanto busca garantir que ter\u00e1 um papel no Governo venezuelano daqui em diante. O almo\u00e7o marca a primeira vez que ambos se encontram pessoalmente.<\/p>\n<p data-end=\"923\" data-start=\"609\">&#8220;Sei que o Presidente aguardava com expectativa esta reuni\u00e3o e esperava que fosse uma discuss\u00e3o boa e positiva com a senhora Machado, que \u00e9 verdadeiramente uma voz not\u00e1vel e corajosa para muitos venezuelanos&#8221;, disse a porta-voz da Casa Branca, Karoline Leavitt, aos jornalistas durante uma confer\u00eancia de imprensa.<\/p>\n<p data-end=\"1064\" data-start=\"925\">&#8220;Portanto, o Presidente est\u00e1 ansioso por falar com ela, obviamente, sobre as realidades no terreno no pa\u00eds e sobre o que est\u00e1 a acontecer.&#8221;<\/p>\n<p data-end=\"1586\" data-start=\"1227\">Depois de os EUA terem capturado o l\u00edder de longa data da Venezuela, Nicol\u00e1s Maduro, numa opera\u00e7\u00e3o rel\u00e2mpago este m\u00eas, v\u00e1rias figuras da oposi\u00e7\u00e3o, membros da di\u00e1spora venezuelana e pol\u00edticos nos EUA e na Am\u00e9rica Latina expressaram esperan\u00e7a de que a Venezuela possa iniciar um processo de transi\u00e7\u00e3o democr\u00e1tica.<\/p>\n<p data-end=\"2130\" data-start=\"1588\">Mas, por agora, Trump afirmou que est\u00e1 concentrado em reconstruir economicamente a Venezuela e garantir acesso norte-americano ao petr\u00f3leo do pa\u00eds. No dia seguinte \u00e0 opera\u00e7\u00e3o de 3 de Janeiro, expressou d\u00favidas de que Machado tivesse o apoio necess\u00e1rio para regressar ao pa\u00eds e governar, dizendo aos jornalistas: &#8220;Ela n\u00e3o tem o apoio interno nem o respeito dentro do pa\u00eds.&#8221; Trump elogiou v\u00e1rias vezes Delcy Rodr\u00edguez, a presidente interina da Venezuela, afirmando \u00e0 Reuters numa entrevista na quarta-feira: &#8220;Tem sido muito boa para trabalhar.&#8221;<\/p>\n<p data-end=\"1225\" data-start=\"1066\">Leavitt afirmou que a avalia\u00e7\u00e3o anterior de Trump sobre Machado, na qual disse que ela n\u00e3o tinha o respeito necess\u00e1rio na Venezuela para a governar, mant\u00e9m-se.<\/p>\n<p>Antes do encontro, <a href=\"https:\/\/www.publico.pt\/2026\/01\/14\/mundo\/noticia\/casa-branca-corina-machado-vai-tentar-voltar-jogo-2161195\" rel=\"nofollow noopener\" target=\"_blank\">Mar\u00eda Corina Machado<\/a> avaliou a hip\u00f3tese de dar o Nobel da Paz, conquistado em Outubro de 2025, ao Presidente norte-americano como um acto de gratid\u00e3o do povo venezuelano pela captura de Nicol\u00e1s Maduro, decorrida a 3 de Janeiro.<\/p>\n<p>Apesar da inten\u00e7\u00e3o da pol\u00edtica venezuelana de 58 anos, que desde Agosto de 2024 vive de forma clandestina devido \u00e0 repress\u00e3o de Nicol\u00e1s Maduro, o Instituto Nobel <a href=\"https:\/\/www.publico.pt\/2026\/01\/10\/mundo\/noticia\/instituto-nobel-rejeita-possibilidade-transferencia-premio-paz-donald-trump-2160762\" target=\"_blank\" rel=\"nofollow noopener\">rejeitou a possibilidade<\/a>.<\/p>\n<p>Donald Trump mostrou por diversas vezes <a href=\"https:\/\/www.publico.pt\/2026\/01\/09\/mundo\/noticia\/trump-gostaria-corina-machado-oferecesse-nobel-2160585\" rel=\"nofollow noopener\" target=\"_blank\">a ambi\u00e7\u00e3o<\/a> de receber o galard\u00e3o, por considerar ter sido respons\u00e1vel pelo fim de v\u00e1rias guerras.<\/p>\n","protected":false},"excerpt":{"rendered":"A Casa Branca afirmou nesta quinta-feira, 15 de Janeiro, que o Presidente Trump fez uma \u201cavalia\u00e7\u00e3o realista\u201d do&hellip;\n","protected":false},"author":2,"featured_media":230840,"comment_status":"","ping_status":"","sticky":false,"template":"","format":"standard","meta":{"footnotes":""},"categories":[8],"tags":[993,1028,27,28,15,16,14,25,26,21,22,62,12,3025,13,19,20,32,23,24,33,17,18,29,30,31,3023],"class_list":{"0":"post-230839","1":"post","2":"type-post","3":"status-publish","4":"format-standard","5":"has-post-thumbnail","7":"category-principais-noticias","8":"tag-america","9":"tag-america-latina","10":"tag-breaking-news","11":"tag-breakingnews","12":"tag-featured-news","13":"tag-featurednews","14":"tag-headlines","15":"tag-latest-news","16":"tag-latestnews","17":"tag-main-news","18":"tag-mainnews","19":"tag-mundo","20":"tag-news","21":"tag-nicolas-maduro","22":"tag-noticias","23":"tag-noticias-principais","24":"tag-noticiasprincipais","25":"tag-portugal","26":"tag-principais-noticias","27":"tag-principaisnoticias","28":"tag-pt","29":"tag-top-stories","30":"tag-topstories","31":"tag-ultimas","32":"tag-ultimas-noticias","33":"tag-ultimasnoticias","34":"tag-venezuela"},"share_on_mastodon":{"url":"https:\/\/pubeurope.com\/@pt\/115902048193969438","error":""},"_links":{"self":[{"href":"https:\/\/www.europesays.com\/pt\/wp-json\/wp\/v2\/posts\/230839","targetHints":{"allow":["GET"]}}],"collection":[{"href":"https:\/\/www.europesays.com\/pt\/wp-json\/wp\/v2\/posts"}],"about":[{"href":"https:\/\/www.europesays.com\/pt\/wp-json\/wp\/v2\/types\/post"}],"author":[{"embeddable":true,"href":"https:\/\/www.europesays.com\/pt\/wp-json\/wp\/v2\/users\/2"}],"replies":[{"embeddable":true,"href":"https:\/\/www.europesays.com\/pt\/wp-json\/wp\/v2\/comments?post=230839"}],"version-history":[{"count":0,"href":"https:\/\/www.europesays.com\/pt\/wp-json\/wp\/v2\/posts\/230839\/revisions"}],"wp:featuredmedia":[{"embeddable":true,"href":"https:\/\/www.europesays.com\/pt\/wp-json\/wp\/v2\/media\/230840"}],"wp:attachment":[{"href":"https:\/\/www.europesays.com\/pt\/wp-json\/wp\/v2\/media?parent=230839"}],"wp:term":[{"taxonomy":"category","embeddable":true,"href":"https:\/\/www.europesays.com\/pt\/wp-json\/wp\/v2\/categories?post=230839"},{"taxonomy":"post_tag","embeddable":true,"href":"https:\/\/www.europesays.com\/pt\/wp-json\/wp\/v2\/tags?post=230839"}],"curies":[{"name":"wp","href":"https:\/\/api.w.org\/{rel}","templated":true}]}}