{"id":230843,"date":"2026-01-16T00:57:45","date_gmt":"2026-01-16T00:57:45","guid":{"rendered":"https:\/\/www.europesays.com\/pt\/230843\/"},"modified":"2026-01-16T00:57:45","modified_gmt":"2026-01-16T00:57:45","slug":"equipe-de-pedro-emite-nota-apos-vendedor-assumir-que-traiu-a-esposa","status":"publish","type":"post","link":"https:\/\/www.europesays.com\/pt\/230843\/","title":{"rendered":"Equipe de Pedro emite nota ap\u00f3s vendedor assumir que traiu a esposa"},"content":{"rendered":"<p>A equipe de Pedro Henrique Esp\u00edndola, do BBB 26, fez um pronunciamento sobre as revela\u00e7\u00f5es que o vendedor tem feito na casa mais vigiada do Brasil. Nesta quinta-feira (15), o brother chegou a chorar ao contar que traiu a esposa, com quem est\u00e1 casado h\u00e1 pouco mais de dois anos.<\/p>\n<p>continua depois da publicidade<\/p>\n<p>De acordo com os administradores das redes sociais do Pipoca, a infidelidade aconteceu durante um &#8220;momento de imaturidade&#8221; e n\u00e3o reflete a realidade atual, em que o casal est\u00e1 \u00e0 espera de uma menina.<\/p>\n<p>+\u00a0<a href=\"https:\/\/natelinha.uol.com.br\/bbb\/2026\/01\/15\/no-bbb-26-ana-paula-renault-se-revolta-com-pedro-e-dispara-voce-e-bem-malicioso-236611.php\" rel=\"nofollow noopener\" target=\"_blank\">No BBB 26, Ana Paula Renault se revolta com Pedro e dispara: &#8220;Voc\u00ea \u00e9 bem malicioso&#8221;<\/a><\/p>\n<p>+\u00a0<a href=\"https:\/\/natelinha.uol.com.br\/bbb\/2026\/01\/15\/bbb-26-aline-sol-e-brigido-declaram-guerra-a-ana-paula-ta-fazendo-personagem-236610.php\" rel=\"nofollow noopener\" target=\"_blank\">BBB 26: Aline, Sol e Brigido declaram guerra a Ana Paula: &#8220;T\u00e1 fazendo personagem&#8221;<\/a><\/p>\n<p>&#8220;Houve erro, ouve dor, e houve tamb\u00e9m di\u00e1logo, perd\u00e3o e reconstru\u00e7\u00e3o. A esposa de Pedro o perdoou, e desde ent\u00e3o ele vem demonstrando, com atitudes, uma evolu\u00e7\u00e3o real como homem, companheiro e pai&#8221;, diz o comunicado.<\/p>\n<p>continua depois da publicidade<\/p>\n<p>Outro trecho da nota afirma que Pedro n\u00e3o tenta esconder seus defeitos e falhas: &#8220;Acreditamos que crescer tamb\u00e9m \u00e9 aprender com os pr\u00f3prios trope\u00e7os, ouvir cr\u00edticas e evoluir diariamente. Seguimos confiando no processo de amadurecimento do Pedro e na sua disposi\u00e7\u00e3o sincera de ser algu\u00e9m melhor&#8221;.<\/p>\n<blockquote class=\"instagram-media\" data-instgrm-captioned=\"\" data-instgrm-version=\"7\" style=\"width:100%;\"><p>\n\t\t\t\t\t\t\t\t\t<a href=\"https:\/\/www.instagram.com\/p\/DTiXvI3jtgi\/\" rel=\"nofollow noopener\" target=\"_blank\">\n\t\t\t\t\t\t\t\t<\/p><\/blockquote>\n<p>BBB 26: Pedro chorou ao falar da esposa<\/p>\n<p><a href=\"https:\/\/natelinha.uol.com.br\/bbb\/2026\/01\/15\/bbb-26-surtado-pedro-expoe-que-traiu-a-esposa-revela-vicio-e-chora-236591.php\" rel=\"nofollow noopener\" target=\"_blank\">No BBB 26, Pedro chorou ao desabafar com Brigido.<\/a> &#8220;Esse neg\u00f3cio \u00e9 um neg\u00f3cio que nem minha fam\u00edlia sabe&#8230; esse neg\u00f3cio de trai\u00e7\u00e3o. Quem sabe \u00e9 minha sogra, \u00e9 muito \u00edntimo&#8230; abri aqui para 200 milh\u00f5es de pessoas. Tem coisa que se fala e n\u00e3o se desfala&#8221;, pontuou.<\/p>\n<p>continua depois da publicidade<\/p>\n<p>O empres\u00e1rio tentou consolar o colega de confinamento: &#8220;N\u00e3o \u00e9 algo bonito de se falar, mas se s\u00e3o \u00e1guas passadas e tu j\u00e1 se resolveu com tua esposa, n\u00e3o repita. Seja um homem de honra. Fam\u00edlia n\u00e3o deixa brecha&#8221;.<\/p>\n<p>&#8220;Minha esposa faz tudo pela fam\u00edlia. Ela aceitou uma situa\u00e7\u00e3o que eu nunca aceitaria, por causa da nossa fam\u00edlia, entendeu? Se ela pensar em conversar com algu\u00e9m&#8230; voc\u00ea v\u00ea como muda? Se eu pensar que ela est\u00e1 conversando com outro homem, acabou! Eu j\u00e1 tra\u00ed minha esposa e ela se sujeitou a aceitar isso por conta da nossa fam\u00edlia. Minha esposa \u00e9 muito f*da&#8221;, reconheceu Pedro.<\/p>\n<p>continua depois da publicidade<\/p>\n<p>Por fim, o vendedor acrescentou: &#8220;Prefiro perder os 6 milh\u00f5es do que perder minha fam\u00edlia. Prefiro perder os 6 milh\u00f5es e ter esse conhecimento que tive agora, sair e trabalhar de novo com rosas e me curar desse v\u00edcio [de tabaco] que eu tenho. Minha filha t\u00e1 nascendo e eu n\u00e3o me curei desse v\u00edcio ainda&#8221;.<\/p>\n<p>Termometro<\/p>\n<p class=\"title text-center destaque\">Expresse seus sentimentos aos participantes do <strong>BBB 26<\/strong><\/p>\n<p><script async src=\"\/\/www.instagram.com\/embed.js\"><\/script><\/p>\n","protected":false},"excerpt":{"rendered":"A equipe de Pedro Henrique Esp\u00edndola, do BBB 26, fez um pronunciamento sobre as revela\u00e7\u00f5es que o vendedor&hellip;\n","protected":false},"author":2,"featured_media":230844,"comment_status":"","ping_status":"","sticky":false,"template":"","format":"standard","meta":{"footnotes":""},"categories":[142],"tags":[15986,114,115,32,33,151],"class_list":{"0":"post-230843","1":"post","2":"type-post","3":"status-publish","4":"format-standard","5":"has-post-thumbnail","7":"category-tv","8":"tag-bbb-26","9":"tag-entertainment","10":"tag-entretenimento","11":"tag-portugal","12":"tag-pt","13":"tag-tv"},"share_on_mastodon":{"url":"https:\/\/pubeurope.com\/@pt\/115902064043180701","error":""},"_links":{"self":[{"href":"https:\/\/www.europesays.com\/pt\/wp-json\/wp\/v2\/posts\/230843","targetHints":{"allow":["GET"]}}],"collection":[{"href":"https:\/\/www.europesays.com\/pt\/wp-json\/wp\/v2\/posts"}],"about":[{"href":"https:\/\/www.europesays.com\/pt\/wp-json\/wp\/v2\/types\/post"}],"author":[{"embeddable":true,"href":"https:\/\/www.europesays.com\/pt\/wp-json\/wp\/v2\/users\/2"}],"replies":[{"embeddable":true,"href":"https:\/\/www.europesays.com\/pt\/wp-json\/wp\/v2\/comments?post=230843"}],"version-history":[{"count":0,"href":"https:\/\/www.europesays.com\/pt\/wp-json\/wp\/v2\/posts\/230843\/revisions"}],"wp:featuredmedia":[{"embeddable":true,"href":"https:\/\/www.europesays.com\/pt\/wp-json\/wp\/v2\/media\/230844"}],"wp:attachment":[{"href":"https:\/\/www.europesays.com\/pt\/wp-json\/wp\/v2\/media?parent=230843"}],"wp:term":[{"taxonomy":"category","embeddable":true,"href":"https:\/\/www.europesays.com\/pt\/wp-json\/wp\/v2\/categories?post=230843"},{"taxonomy":"post_tag","embeddable":true,"href":"https:\/\/www.europesays.com\/pt\/wp-json\/wp\/v2\/tags?post=230843"}],"curies":[{"name":"wp","href":"https:\/\/api.w.org\/{rel}","templated":true}]}}