{"id":230857,"date":"2026-01-16T01:06:35","date_gmt":"2026-01-16T01:06:35","guid":{"rendered":"https:\/\/www.europesays.com\/pt\/230857\/"},"modified":"2026-01-16T01:06:35","modified_gmt":"2026-01-16T01:06:35","slug":"portugal-atingiu-em-2025-o-maior-numero-de-nascimentos-da-ultima-decada","status":"publish","type":"post","link":"https:\/\/www.europesays.com\/pt\/230857\/","title":{"rendered":"Portugal atingiu em 2025 o maior n\u00famero de nascimentos da \u00faltima d\u00e9cada"},"content":{"rendered":"<p>Segundo os dados do Programa Nacional de Rastreio Neonatal (PNRN), coordenado pelo Instituto Nacional de Sa\u00fade Doutor Ricardo Jorge (INSA), foram rastreados no ano passado 87.708 rec\u00e9m-nascidos, mais 3.077 do que em 2024 (84.631).<\/p>\n<p>Os dados indicam que a Madeira e Santar\u00e9m foram as \u00fanicas regi\u00f5es do pa\u00eds que registaram menos nascimentos em 2025 comparativamente ao ano anterior, totalizando, respetivamente, 1.704 (menos 48) e 2.852 (menos 22).<\/p>\n<p>Lisboa foi a cidade que rastreou mais rec\u00e9m-nascidos, somando 26.595, mais 739 do que em 2024, seguida do Porto, com 15.255 (mais 733) e de Braga, com 6.534 (mais 246).<\/p>\n<p>O &#8220;teste do pezinho&#8221; \u00e9 feito atrav\u00e9s de an\u00e1lises de sangue, a partir do 3.\u00ba dia de vida e se poss\u00edvel at\u00e9 ao 6.\u00ba, atrav\u00e9s de uma ou duas picadas no calcanhar do beb\u00e9.<\/p>\n<p>De acordo com os dados, o menor n\u00famero de exames foi registado nos distritos de Portalegre, com 574, e Bragan\u00e7a, com 587, mas ambos apresentaram um aumento de 27 e 93 rastreios, respetivamente, face ao ano anterior.<\/p>\n<p>Os dados indicam ainda que julho foi o m\u00eas que registou o maior n\u00famero de beb\u00e9s rastreados (8.118), seguido de outubro (8.104) e de setembro (7.886).<\/p>\n<p>Desde 1979 e at\u00e9 final de 2025, foram rastreados 4.396.889 rec\u00e9m-nascidos e identificados 2.963 casos de doen\u00e7as raras, segundo dados do INSA avan\u00e7ados \u00e0 ag\u00eancia Lusa.<\/p>\n<p>Estes testes permitem identificar as crian\u00e7as que sofrem de doen\u00e7as, quase sempre gen\u00e9ticas, como a fenilceton\u00faria ou o hipotiroidismo cong\u00e9nito, que podem beneficiar de tratamento precoce<\/p>\n<p>Em 2025, foram identificados 57 casos de doen\u00e7as heredit\u00e1rias do metabolismo, 26 casos de hipotiroidismo cong\u00e9nito, seis casos de fibrose qu\u00edstica, 10 casos de atrofia muscular espinal, um caso de imunodefici\u00eancia combinada grave e 47 casos de drepanocitose, perfazendo um total de 147 casos.<\/p>\n<p>O Programa Nacional de Rastreio Neonatal \u00e9 coordenado pelo INSA, atrav\u00e9s da sua Unidade de Rastreio Neonatal, Metabolismo e Gen\u00e9tica, do Departamento de Gen\u00e9tica Humana.<\/p>\n<p>Leia Tamb\u00e9m: <a href=\"https:\/\/www.noticiasaominuto.com\/pais\/2917977\/hospital-santa-maria-celebra-recorde-de-nascimentos-em-mais-de-uma-decada\" target=\"_blank\" rel=\"noopener noreferrer nofollow\">Hospital Santa Maria celebra recorde de nascimentos em mais de uma d\u00e9cada<\/a><\/p>\n","protected":false},"excerpt":{"rendered":"Segundo os dados do Programa Nacional de Rastreio Neonatal (PNRN), coordenado pelo Instituto Nacional de Sa\u00fade Doutor Ricardo&hellip;\n","protected":false},"author":2,"featured_media":230858,"comment_status":"","ping_status":"","sticky":false,"template":"","format":"standard","meta":{"footnotes":""},"categories":[10],"tags":[27,28,15,16,14,25,26,21,22,12,13,19,20,32,23,24,33,17,18,29,30,31],"class_list":{"0":"post-230857","1":"post","2":"type-post","3":"status-publish","4":"format-standard","5":"has-post-thumbnail","7":"category-portugal","8":"tag-breaking-news","9":"tag-breakingnews","10":"tag-featured-news","11":"tag-featurednews","12":"tag-headlines","13":"tag-latest-news","14":"tag-latestnews","15":"tag-main-news","16":"tag-mainnews","17":"tag-news","18":"tag-noticias","19":"tag-noticias-principais","20":"tag-noticiasprincipais","21":"tag-portugal","22":"tag-principais-noticias","23":"tag-principaisnoticias","24":"tag-pt","25":"tag-top-stories","26":"tag-topstories","27":"tag-ultimas","28":"tag-ultimas-noticias","29":"tag-ultimasnoticias"},"share_on_mastodon":{"url":"https:\/\/pubeurope.com\/@pt\/115902099392354537","error":""},"_links":{"self":[{"href":"https:\/\/www.europesays.com\/pt\/wp-json\/wp\/v2\/posts\/230857","targetHints":{"allow":["GET"]}}],"collection":[{"href":"https:\/\/www.europesays.com\/pt\/wp-json\/wp\/v2\/posts"}],"about":[{"href":"https:\/\/www.europesays.com\/pt\/wp-json\/wp\/v2\/types\/post"}],"author":[{"embeddable":true,"href":"https:\/\/www.europesays.com\/pt\/wp-json\/wp\/v2\/users\/2"}],"replies":[{"embeddable":true,"href":"https:\/\/www.europesays.com\/pt\/wp-json\/wp\/v2\/comments?post=230857"}],"version-history":[{"count":0,"href":"https:\/\/www.europesays.com\/pt\/wp-json\/wp\/v2\/posts\/230857\/revisions"}],"wp:featuredmedia":[{"embeddable":true,"href":"https:\/\/www.europesays.com\/pt\/wp-json\/wp\/v2\/media\/230858"}],"wp:attachment":[{"href":"https:\/\/www.europesays.com\/pt\/wp-json\/wp\/v2\/media?parent=230857"}],"wp:term":[{"taxonomy":"category","embeddable":true,"href":"https:\/\/www.europesays.com\/pt\/wp-json\/wp\/v2\/categories?post=230857"},{"taxonomy":"post_tag","embeddable":true,"href":"https:\/\/www.europesays.com\/pt\/wp-json\/wp\/v2\/tags?post=230857"}],"curies":[{"name":"wp","href":"https:\/\/api.w.org\/{rel}","templated":true}]}}