{"id":230859,"date":"2026-01-16T01:07:25","date_gmt":"2026-01-16T01:07:25","guid":{"rendered":"https:\/\/www.europesays.com\/pt\/230859\/"},"modified":"2026-01-16T01:07:25","modified_gmt":"2026-01-16T01:07:25","slug":"benfica-a-curta-mensagem-de-richard-rios-apos-sofrer-lesao-no-dragao","status":"publish","type":"post","link":"https:\/\/www.europesays.com\/pt\/230859\/","title":{"rendered":"Benfica: a curta mensagem de Richard R\u00edos ap\u00f3s sofrer les\u00e3o no Drag\u00e3o"},"content":{"rendered":"<p>A derrota no Drag\u00e3o com o <a target=\"_blank\" class=\"editor-link autolink-enabled\" href=\"https:\/\/www.abola.pt\/futebol\/fc-porto-451\" data-resource-id=\"451\" data-resource-type=\"team\" data-sport=\"football\" rel=\"nofollow noopener\">FC Porto<\/a>, por 0-1, nos quartos de final da <a target=\"_blank\" class=\"editor-link autolink-enabled\" href=\"https:\/\/www.abola.pt\/futebol\/competicao\/taca-de-portugal-112\" data-resource-id=\"112\" data-resource-type=\"competition\" data-sport=\"football\" rel=\"nofollow noopener\">Ta\u00e7a de Portugal<\/a>, trouxe m\u00e1s not\u00edcias para o <a class=\"autolink-enabled\" data-resource-id=\"450\" data-resource-type=\"team\" data-sport=\"football\" href=\"https:\/\/www.abola.pt\/futebol\/benfica-450\" rel=\"nofollow noopener\" target=\"_blank\">Benfica<\/a>, al\u00e9m da elimina\u00e7\u00e3o da prova. <a target=\"_blank\" class=\"editor-link autolink-enabled\" href=\"https:\/\/www.abola.pt\/futebol\/jogador\/richard-rios-224774\" data-resource-id=\"224774\" data-resource-type=\"player\" data-sport=\"football\" rel=\"nofollow noopener\">Richard R\u00edos<\/a> saiu lesionado, de maca, ainda na primeira parte. \u00a0<\/p>\n<p>O internacional colombiano sofreu uma luxa\u00e7\u00e3o anterior traum\u00e1tica do ombro direito e, nas redes sociais, deixou uma curta mensagem.\u00a0<\/p>\n<p>\u00abTudo passa\u00bb, escreveu o ex-Palmeiras, que est\u00e1 a cumprir a primeira temporada na Luz.\u00a0<\/p>\n<p><a class=\"autolink-enabled\" data-resource-id=\"224774\" data-resource-type=\"player\" data-sport=\"football\" href=\"https:\/\/www.abola.pt\/futebol\/jogador\/richard-rios-224774\" rel=\"nofollow noopener\" target=\"_blank\">Richard <\/a><a class=\"autolink-enabled\" data-resource-id=\"224774\" data-resource-type=\"player\" data-sport=\"football\" href=\"https:\/\/www.abola.pt\/futebol\/jogador\/richard-rios-224774\" rel=\"nofollow noopener\" target=\"_blank\">R\u00edos<\/a> falha seguramente o jogo de s\u00e1bado, frente ao <a class=\"autolink-enabled\" data-resource-id=\"442\" data-resource-type=\"team\" data-sport=\"football\" href=\"https:\/\/www.abola.pt\/futebol\/rio-ave-442\" rel=\"nofollow noopener\" target=\"_blank\">Rio Ave<\/a>, para o campeonato, e pode ser baixa para Mourinho em mais partidas. Tudo ir\u00e1 depender da resposta do centrocampista aos tratamentos e da avalia\u00e7\u00e3o cl\u00ednica di\u00e1ria. Logo depois da derrota no Drag\u00e3o, o treinador encarnado deu conta que R\u00edos tinha sofrido uma les\u00e3o \u00abimportante\u00bb.\u00a0<\/p>\n","protected":false},"excerpt":{"rendered":"A derrota no Drag\u00e3o com o FC Porto, por 0-1, nos quartos de final da Ta\u00e7a de Portugal,&hellip;\n","protected":false},"author":2,"featured_media":230860,"comment_status":"","ping_status":"","sticky":false,"template":"","format":"standard","meta":{"footnotes":""},"categories":[8],"tags":[27,28,15,16,14,25,26,21,22,12,13,19,20,32,23,24,33,17,18,29,30,31],"class_list":{"0":"post-230859","1":"post","2":"type-post","3":"status-publish","4":"format-standard","5":"has-post-thumbnail","7":"category-principais-noticias","8":"tag-breaking-news","9":"tag-breakingnews","10":"tag-featured-news","11":"tag-featurednews","12":"tag-headlines","13":"tag-latest-news","14":"tag-latestnews","15":"tag-main-news","16":"tag-mainnews","17":"tag-news","18":"tag-noticias","19":"tag-noticias-principais","20":"tag-noticiasprincipais","21":"tag-portugal","22":"tag-principais-noticias","23":"tag-principaisnoticias","24":"tag-pt","25":"tag-top-stories","26":"tag-topstories","27":"tag-ultimas","28":"tag-ultimas-noticias","29":"tag-ultimasnoticias"},"share_on_mastodon":{"url":"https:\/\/pubeurope.com\/@pt\/115902103085157002","error":""},"_links":{"self":[{"href":"https:\/\/www.europesays.com\/pt\/wp-json\/wp\/v2\/posts\/230859","targetHints":{"allow":["GET"]}}],"collection":[{"href":"https:\/\/www.europesays.com\/pt\/wp-json\/wp\/v2\/posts"}],"about":[{"href":"https:\/\/www.europesays.com\/pt\/wp-json\/wp\/v2\/types\/post"}],"author":[{"embeddable":true,"href":"https:\/\/www.europesays.com\/pt\/wp-json\/wp\/v2\/users\/2"}],"replies":[{"embeddable":true,"href":"https:\/\/www.europesays.com\/pt\/wp-json\/wp\/v2\/comments?post=230859"}],"version-history":[{"count":0,"href":"https:\/\/www.europesays.com\/pt\/wp-json\/wp\/v2\/posts\/230859\/revisions"}],"wp:featuredmedia":[{"embeddable":true,"href":"https:\/\/www.europesays.com\/pt\/wp-json\/wp\/v2\/media\/230860"}],"wp:attachment":[{"href":"https:\/\/www.europesays.com\/pt\/wp-json\/wp\/v2\/media?parent=230859"}],"wp:term":[{"taxonomy":"category","embeddable":true,"href":"https:\/\/www.europesays.com\/pt\/wp-json\/wp\/v2\/categories?post=230859"},{"taxonomy":"post_tag","embeddable":true,"href":"https:\/\/www.europesays.com\/pt\/wp-json\/wp\/v2\/tags?post=230859"}],"curies":[{"name":"wp","href":"https:\/\/api.w.org\/{rel}","templated":true}]}}