{"id":230861,"date":"2026-01-16T01:08:40","date_gmt":"2026-01-16T01:08:40","guid":{"rendered":"https:\/\/www.europesays.com\/pt\/230861\/"},"modified":"2026-01-16T01:08:40","modified_gmt":"2026-01-16T01:08:40","slug":"gracyanne-relata-dor-no-joelho-apos-ensaio-da-uniao-da-ilha","status":"publish","type":"post","link":"https:\/\/www.europesays.com\/pt\/230861\/","title":{"rendered":"Gracyanne relata dor no joelho ap\u00f3s ensaio da Uni\u00e3o da Ilha"},"content":{"rendered":"<p data-end=\"728\" data-start=\"328\" class=\"bullet mt-0\" data-v-232111b4=\"\">Gracyanne Barbosa, 42, marcou presen\u00e7a ontem no ensaio de rua da Uni\u00e3o da Ilha, ao lado da irm\u00e3, Giovanna Jacobina, 27.<\/p>\n<p>O que aconteceu<\/p>\n<p data-end=\"728\" data-start=\"328\" class=\"bullet\" data-v-232111b4=\"\"><strong>Apesar de estar impedida de sambar por causa de uma les\u00e3o no joelho, a musa fitness esteve presente para prestigiar a escola e acompanhar os preparativos para o Carnaval 2026. <\/strong>Hoje, ela compartilhou que acordou sentindo incha\u00e7o e press\u00e3o na regi\u00e3o. &#8220;Abusei um pouco ontem no ensaio (mesmo sem sambar, muito tempo em p\u00e9, andando mais r\u00e1pido, acabou for\u00e7ando). Resultado hoje, perna inchada, edema e press\u00e3o no joelho. Nem consegui fazer o giro completo na bike&#8221;, contou Gracyanne, que j\u00e1 foi rainha de bateria e desfilou em diversas edi\u00e7\u00f5es do Carnaval.<\/p>\n<p data-end=\"1309\" data-start=\"1036\" class=\"bullet\" data-v-232111b4=\"\"><strong>A influenciadora, que estava usando uma esp\u00e9cie de touca na cabe\u00e7a, explicou que iniciou um protocolo de neuromodula\u00e7\u00e3o, que tem como objetivo ajudar na percep\u00e7\u00e3o das dores<\/strong>. Sem entrar em detalhes, ela prometeu compartilhar mais informa\u00e7\u00f5es sobre o procedimento em breve.<\/p>\n","protected":false},"excerpt":{"rendered":"Gracyanne Barbosa, 42, marcou presen\u00e7a ontem no ensaio de rua da Uni\u00e3o da Ilha, ao lado da irm\u00e3,&hellip;\n","protected":false},"author":2,"featured_media":230862,"comment_status":"","ping_status":"","sticky":false,"template":"","format":"standard","meta":{"footnotes":""},"categories":[145],"tags":[211,210,114,115,32,33],"class_list":{"0":"post-230861","1":"post","2":"type-post","3":"status-publish","4":"format-standard","5":"has-post-thumbnail","7":"category-celebridades","8":"tag-celebridades","9":"tag-celebrities","10":"tag-entertainment","11":"tag-entretenimento","12":"tag-portugal","13":"tag-pt"},"share_on_mastodon":{"url":"https:\/\/pubeurope.com\/@pt\/115902106989574886","error":""},"_links":{"self":[{"href":"https:\/\/www.europesays.com\/pt\/wp-json\/wp\/v2\/posts\/230861","targetHints":{"allow":["GET"]}}],"collection":[{"href":"https:\/\/www.europesays.com\/pt\/wp-json\/wp\/v2\/posts"}],"about":[{"href":"https:\/\/www.europesays.com\/pt\/wp-json\/wp\/v2\/types\/post"}],"author":[{"embeddable":true,"href":"https:\/\/www.europesays.com\/pt\/wp-json\/wp\/v2\/users\/2"}],"replies":[{"embeddable":true,"href":"https:\/\/www.europesays.com\/pt\/wp-json\/wp\/v2\/comments?post=230861"}],"version-history":[{"count":0,"href":"https:\/\/www.europesays.com\/pt\/wp-json\/wp\/v2\/posts\/230861\/revisions"}],"wp:featuredmedia":[{"embeddable":true,"href":"https:\/\/www.europesays.com\/pt\/wp-json\/wp\/v2\/media\/230862"}],"wp:attachment":[{"href":"https:\/\/www.europesays.com\/pt\/wp-json\/wp\/v2\/media?parent=230861"}],"wp:term":[{"taxonomy":"category","embeddable":true,"href":"https:\/\/www.europesays.com\/pt\/wp-json\/wp\/v2\/categories?post=230861"},{"taxonomy":"post_tag","embeddable":true,"href":"https:\/\/www.europesays.com\/pt\/wp-json\/wp\/v2\/tags?post=230861"}],"curies":[{"name":"wp","href":"https:\/\/api.w.org\/{rel}","templated":true}]}}