{"id":230864,"date":"2026-01-16T01:13:11","date_gmt":"2026-01-16T01:13:11","guid":{"rendered":"https:\/\/www.europesays.com\/pt\/230864\/"},"modified":"2026-01-16T01:13:11","modified_gmt":"2026-01-16T01:13:11","slug":"sao-paulo-x-sao-bernardo-confira-a-transmissao-da-jovem-pan-ao-vivo","status":"publish","type":"post","link":"https:\/\/www.europesays.com\/pt\/230864\/","title":{"rendered":"S\u00e3o Paulo x S\u00e3o Bernardo: confira a transmiss\u00e3o da Jovem Pan ao vivo"},"content":{"rendered":"<p>Aqui, voc\u00ea pode assistir \u00e0 narra\u00e7\u00e3o do jogo v\u00e1lido pelo Paulist\u00e3o<\/p>\n<p>                                            <img decoding=\"async\" class=\"img-responsive type:primaryImage\" src=\"https:\/\/www.europesays.com\/pt\/wp-content\/uploads\/2026\/01\/sao-paulo-x-sao-bernardo-750x450.jpg\" alt=\"s\u00e3o paulo x s\u00e3o bernardo\" id=\"zoom-img\"\/><\/p>\n<p><strong>S\u00e3o Paulo<\/strong> e <strong>S\u00e3o Bernardo<\/strong> se enfrentam nesta quinta-feira (15), em jogo v\u00e1lido pela segunda rodada do <strong>Campeonato Paulista<\/strong>. A <b>Jovem Pan<\/b> apresenta todas as emo\u00e7\u00f5es do duelo ao vivo, \u00e0s 21h45 (de Bras\u00edlia), com narra\u00e7\u00e3o de Jos\u00e9 Manoel de Barros, coment\u00e1rios de Flavio Prado e reportagens de Giovanni Chacon no<a href=\"https:\/\/www.youtube.com\/c\/jovempanesportes\/videos\" target=\"_blank\" rel=\"noopener noreferrer nofollow\">\u00a0<b>YouTube<\/b><\/a>.<\/p>\n","protected":false},"excerpt":{"rendered":"Aqui, voc\u00ea pode assistir \u00e0 narra\u00e7\u00e3o do jogo v\u00e1lido pelo Paulist\u00e3o S\u00e3o Paulo e S\u00e3o Bernardo se enfrentam&hellip;\n","protected":false},"author":2,"featured_media":230865,"comment_status":"","ping_status":"","sticky":false,"template":"","format":"standard","meta":{"footnotes":""},"categories":[141],"tags":[114,115,149,150,32,33],"class_list":{"0":"post-230864","1":"post","2":"type-post","3":"status-publish","4":"format-standard","5":"has-post-thumbnail","7":"category-musica","8":"tag-entertainment","9":"tag-entretenimento","10":"tag-music","11":"tag-musica","12":"tag-portugal","13":"tag-pt"},"share_on_mastodon":{"url":"https:\/\/pubeurope.com\/@pt\/115902127125950389","error":""},"_links":{"self":[{"href":"https:\/\/www.europesays.com\/pt\/wp-json\/wp\/v2\/posts\/230864","targetHints":{"allow":["GET"]}}],"collection":[{"href":"https:\/\/www.europesays.com\/pt\/wp-json\/wp\/v2\/posts"}],"about":[{"href":"https:\/\/www.europesays.com\/pt\/wp-json\/wp\/v2\/types\/post"}],"author":[{"embeddable":true,"href":"https:\/\/www.europesays.com\/pt\/wp-json\/wp\/v2\/users\/2"}],"replies":[{"embeddable":true,"href":"https:\/\/www.europesays.com\/pt\/wp-json\/wp\/v2\/comments?post=230864"}],"version-history":[{"count":0,"href":"https:\/\/www.europesays.com\/pt\/wp-json\/wp\/v2\/posts\/230864\/revisions"}],"wp:featuredmedia":[{"embeddable":true,"href":"https:\/\/www.europesays.com\/pt\/wp-json\/wp\/v2\/media\/230865"}],"wp:attachment":[{"href":"https:\/\/www.europesays.com\/pt\/wp-json\/wp\/v2\/media?parent=230864"}],"wp:term":[{"taxonomy":"category","embeddable":true,"href":"https:\/\/www.europesays.com\/pt\/wp-json\/wp\/v2\/categories?post=230864"},{"taxonomy":"post_tag","embeddable":true,"href":"https:\/\/www.europesays.com\/pt\/wp-json\/wp\/v2\/tags?post=230864"}],"curies":[{"name":"wp","href":"https:\/\/api.w.org\/{rel}","templated":true}]}}