{"id":230872,"date":"2026-01-16T01:18:13","date_gmt":"2026-01-16T01:18:13","guid":{"rendered":"https:\/\/www.europesays.com\/pt\/230872\/"},"modified":"2026-01-16T01:18:13","modified_gmt":"2026-01-16T01:18:13","slug":"vem-ai-em-amor-a-prova-tomas-apanha-cris-e-alice-cumplices-e-parte-para-a-agressao-novelas","status":"publish","type":"post","link":"https:\/\/www.europesays.com\/pt\/230872\/","title":{"rendered":"Vem a\u00ed em \u00abAmor \u00e0 Prova\u00bb: Tom\u00e1s apanha Cris e Alice c\u00famplices e parte para a agress\u00e3o &#8211; Novelas"},"content":{"rendered":"<p>Em \u00abAmor \u00e0 Prova\u00bb, <a href=\"https:\/\/tvi.iol.pt\/novelas\/videos\/amor-a-prova-cris-fica-um-farrapo-a-unica-coisa-que-quero-e-ser-outra-pessoa\/695e88dc0cf2b450a146723c\" rel=\"nofollow noopener\" target=\"_blank\">Cris (Jos\u00e9 Condessa)<\/a>\u00a0cruza-se com <a href=\"https:\/\/tvi.iol.pt\/novelas\/videos\/amor-a-prova-a-conversa-intensa-de-cris-e-alice-a-felicidade-de-uns-e-a-infelicidade-dos-outros\/695d48980cf2d7f14f26e349\" rel=\"nofollow noopener\" target=\"_blank\">Alice (Mafalda Marafusta)<\/a>\u00a0e ela leva-o para o gabinete de <a href=\"https:\/\/tvi.iol.pt\/novelas\/videos\/amor-a-prova-vou-dar-noticias-que-podem-ajudar-ou-virar-de-pernas-para-o-ar-a-vida-de-varias-pessoas\/695d48720cf22dd7c7f51130\" rel=\"nofollow noopener\" target=\"_blank\">David (Diogo Amaral)<\/a>, para falarem mais \u00e0 vontade.\u00a0 Cris explica que n\u00e3o quer arranjar confus\u00e3o, mas ficou preocupado ao ouvir o \u00e1udio que Alice lhe enviou, pois parecia que tinha acontecido algo a <a href=\"https:\/\/tvi.iol.pt\/novelas\/videos\/amor-a-prova-nico-sofre-um-acidente-enquanto-festeja-o-seu-aniversario\/695b90820cf2c7eb24469b0d\" rel=\"nofollow noopener\" target=\"_blank\">Nico (Salvador Biernat)<\/a>. Alice diz-lhe que est\u00e1 tudo bem e que Cris n\u00e3o pode ser visto ali, pois o ambiente ficou muito tenso, depois de ter aparecido no jantar.\u00a0<\/p>\n<p>Tom\u00e1s e David dirigem-se para o gabinete de David. Tom\u00e1s pergunta quanto tempo vai demorar at\u00e9 ao transplante. David diz que depende da rea\u00e7\u00e3o de Nico \u00e0 quimioterapia e percebe que aquilo n\u00e3o \u00e9 s\u00f3 preocupa\u00e7\u00e3o com Nico. Tom\u00e1s assume que est\u00e1 desejoso de ver Cris pelas costas.<\/p>\n<p>Cris despede-se de Alice e apertam as m\u00e3os. Tom\u00e1s e David chegam e h\u00e1 um desconforto geral. Tom\u00e1s passa-se e agarra Cris pelos colarinhos. Alice pede a Tom\u00e1s para largar Cris, mas tem de ser David a separ\u00e1-los. Tom\u00e1s diz que Alice tem muito que explicar. David quer falar com Cris sobre o resultado dos exames e este fica preocupado.<\/p>\n<p>Recorde-se que j\u00e1 n\u00e3o \u00e9 a primeira vez que Tom\u00e1s \u00e9 trata mal Cris:<\/p>\n","protected":false},"excerpt":{"rendered":"Em \u00abAmor \u00e0 Prova\u00bb, Cris (Jos\u00e9 Condessa)\u00a0cruza-se com Alice (Mafalda Marafusta)\u00a0e ela leva-o para o gabinete de David&hellip;\n","protected":false},"author":2,"featured_media":230873,"comment_status":"","ping_status":"","sticky":false,"template":"","format":"standard","meta":{"footnotes":""},"categories":[85],"tags":[979,17049,160,41057,166,42873,2663,114,115,157,167,721,8203,164,42502,161,158,165,159,32,33,156,163,40030,162],"class_list":{"0":"post-230872","1":"post","2":"type-post","3":"status-publish","4":"format-standard","5":"has-post-thumbnail","7":"category-entretenimento","8":"tag-alice","9":"tag-amor-a-prova","10":"tag-ana-guiomar","11":"tag-cris","12":"tag-cristina-ferreira","13":"tag-david","14":"tag-diogo-amaral","15":"tag-entertainment","16":"tag-entretenimento","17":"tag-festa-e-festa","18":"tag-ficcao","19":"tag-joao-jesus","20":"tag-jose-condessa","21":"tag-jose-fidalgo","22":"tag-mafalda-marafusta","23":"tag-novelas","24":"tag-para-sempre","25":"tag-pedro-sousa","26":"tag-pedro-teixeira","27":"tag-portugal","28":"tag-pt","29":"tag-queridos-papas","30":"tag-tiago-teotonio-pereira","31":"tag-tomas","32":"tag-tvi"},"share_on_mastodon":{"url":"https:\/\/pubeurope.com\/@pt\/115902146291463551","error":""},"_links":{"self":[{"href":"https:\/\/www.europesays.com\/pt\/wp-json\/wp\/v2\/posts\/230872","targetHints":{"allow":["GET"]}}],"collection":[{"href":"https:\/\/www.europesays.com\/pt\/wp-json\/wp\/v2\/posts"}],"about":[{"href":"https:\/\/www.europesays.com\/pt\/wp-json\/wp\/v2\/types\/post"}],"author":[{"embeddable":true,"href":"https:\/\/www.europesays.com\/pt\/wp-json\/wp\/v2\/users\/2"}],"replies":[{"embeddable":true,"href":"https:\/\/www.europesays.com\/pt\/wp-json\/wp\/v2\/comments?post=230872"}],"version-history":[{"count":0,"href":"https:\/\/www.europesays.com\/pt\/wp-json\/wp\/v2\/posts\/230872\/revisions"}],"wp:featuredmedia":[{"embeddable":true,"href":"https:\/\/www.europesays.com\/pt\/wp-json\/wp\/v2\/media\/230873"}],"wp:attachment":[{"href":"https:\/\/www.europesays.com\/pt\/wp-json\/wp\/v2\/media?parent=230872"}],"wp:term":[{"taxonomy":"category","embeddable":true,"href":"https:\/\/www.europesays.com\/pt\/wp-json\/wp\/v2\/categories?post=230872"},{"taxonomy":"post_tag","embeddable":true,"href":"https:\/\/www.europesays.com\/pt\/wp-json\/wp\/v2\/tags?post=230872"}],"curies":[{"name":"wp","href":"https:\/\/api.w.org\/{rel}","templated":true}]}}