{"id":230874,"date":"2026-01-16T01:21:59","date_gmt":"2026-01-16T01:21:59","guid":{"rendered":"https:\/\/www.europesays.com\/pt\/230874\/"},"modified":"2026-01-16T01:21:59","modified_gmt":"2026-01-16T01:21:59","slug":"idosa-obrigada-a-vender-a-casa-para-pagar-mais-de-130-mil-euros-apos-guerra-com-vizinha-por-30-centimetros-de-terreno-noticias-de-hoje","status":"publish","type":"post","link":"https:\/\/www.europesays.com\/pt\/230874\/","title":{"rendered":"Idosa obrigada a vender a casa para pagar mais de 130 mil euros ap\u00f3s guerra com vizinha por 30 cent\u00edmetros de terreno &#8211; Not\u00edcias de hoje"},"content":{"rendered":"<p>Uma reformada brit\u00e2nica de 77 anos enfrenta a possibilidade de perder a casa onde vive, totalmente paga e avaliada em quase meio milh\u00e3o de euros, depois de uma longa batalha judicial com a vizinha por uma estreita faixa de terreno de apenas 30 cent\u00edmetros. Ap\u00f3s seis anos de processos, a justi\u00e7a determinou que a idosa pague uma d\u00edvida de 132 mil euros em custos judiciais, o que poder\u00e1 obrig\u00e1-la a vender o im\u00f3vel para saldar o valor em causa.<\/p>\n<p>Segundo avan\u00e7a o site <a href=\"https:\/\/noticiastrabajo.huffingtonpost.es\/sociedad\/una-jubilada-de-77-anos-obligada-a-vender-su-casa-para-pagar-la-deuda-de-132000-euros-con-su-vecina-por-un-juicio-por-un-trozo-de-parcela-de-30-centimetros-no-pienso-irme-de-aqui\/?utm_source=taboola&amp;utm_medium=personalized-push\" target=\"_blank\" rel=\"nofollow noopener\">Noticias Trabajo<\/a>, o conflito come\u00e7ou quando a vizinha, de 64 anos, alterou a veda\u00e7\u00e3o que separava as duas propriedades. A reformada alegou que a nova cerca foi colocada dentro do seu terreno, retirando-lhe parte da parcela, e decidiu agir para recuperar o espa\u00e7o. O desentendimento acabou por escalar para uma disputa legal prolongada, marcada por acusa\u00e7\u00f5es m\u00fatuas e sucessivos recursos em tribunal.<\/p>\n<p>Inicialmente, os custos do processo rondavam os 16 mil euros, mas foram aumentando ao longo dos anos at\u00e9 ultrapassarem os 132 mil. No final, o tribunal deu raz\u00e3o \u00e0 vizinha e ordenou o pagamento da d\u00edvida. Sem poupan\u00e7as suficientes, a venda da casa surge como a \u00fanica forma de cumprir a decis\u00e3o judicial.<\/p>\n<p>Apesar disso, a reformada garante que n\u00e3o pretende abandonar a habita\u00e7\u00e3o, afirmando que a casa est\u00e1 paga e que apenas defendeu o que considerava ser seu. O prazo para desocupar o im\u00f3vel j\u00e1 terminou, mas a idosa continua no local, vivendo com receio de uma interven\u00e7\u00e3o das autoridades.<\/p>\n<p>Do outro lado, a vizinha afirma estar a viver uma situa\u00e7\u00e3o angustiante e teme que a senten\u00e7a nunca venha a ser executada. Segundo a sua defesa, a venda do im\u00f3vel permitiria \u00e0 reformada saldar a d\u00edvida e adquirir outra casa, algo que a idosa rejeita, mantendo a promessa de lutar at\u00e9 \u00e0s \u00faltimas consequ\u00eancias.<\/p>\n","protected":false},"excerpt":{"rendered":"Uma reformada brit\u00e2nica de 77 anos enfrenta a possibilidade de perder a casa onde vive, totalmente paga e&hellip;\n","protected":false},"author":2,"featured_media":230875,"comment_status":"","ping_status":"","sticky":false,"template":"","format":"standard","meta":{"footnotes":""},"categories":[50],"tags":[27,28,15,16,456,14,7896,488,25,26,21,22,62,12,13,19,20,23,24,17,18,299,29,30,31,63,64,65],"class_list":{"0":"post-230874","1":"post","2":"type-post","3":"status-publish","4":"format-standard","5":"has-post-thumbnail","7":"category-mundo","8":"tag-breaking-news","9":"tag-breakingnews","10":"tag-featured-news","11":"tag-featurednews","12":"tag-habitacao","13":"tag-headlines","14":"tag-idosa","15":"tag-iol","16":"tag-latest-news","17":"tag-latestnews","18":"tag-main-news","19":"tag-mainnews","20":"tag-mundo","21":"tag-news","22":"tag-noticias","23":"tag-noticias-principais","24":"tag-noticiasprincipais","25":"tag-principais-noticias","26":"tag-principaisnoticias","27":"tag-top-stories","28":"tag-topstories","29":"tag-tribunal","30":"tag-ultimas","31":"tag-ultimas-noticias","32":"tag-ultimasnoticias","33":"tag-world","34":"tag-world-news","35":"tag-worldnews"},"share_on_mastodon":{"url":"","error":"Validation failed: Text character limit of 500 exceeded"},"_links":{"self":[{"href":"https:\/\/www.europesays.com\/pt\/wp-json\/wp\/v2\/posts\/230874","targetHints":{"allow":["GET"]}}],"collection":[{"href":"https:\/\/www.europesays.com\/pt\/wp-json\/wp\/v2\/posts"}],"about":[{"href":"https:\/\/www.europesays.com\/pt\/wp-json\/wp\/v2\/types\/post"}],"author":[{"embeddable":true,"href":"https:\/\/www.europesays.com\/pt\/wp-json\/wp\/v2\/users\/2"}],"replies":[{"embeddable":true,"href":"https:\/\/www.europesays.com\/pt\/wp-json\/wp\/v2\/comments?post=230874"}],"version-history":[{"count":0,"href":"https:\/\/www.europesays.com\/pt\/wp-json\/wp\/v2\/posts\/230874\/revisions"}],"wp:featuredmedia":[{"embeddable":true,"href":"https:\/\/www.europesays.com\/pt\/wp-json\/wp\/v2\/media\/230875"}],"wp:attachment":[{"href":"https:\/\/www.europesays.com\/pt\/wp-json\/wp\/v2\/media?parent=230874"}],"wp:term":[{"taxonomy":"category","embeddable":true,"href":"https:\/\/www.europesays.com\/pt\/wp-json\/wp\/v2\/categories?post=230874"},{"taxonomy":"post_tag","embeddable":true,"href":"https:\/\/www.europesays.com\/pt\/wp-json\/wp\/v2\/tags?post=230874"}],"curies":[{"name":"wp","href":"https:\/\/api.w.org\/{rel}","templated":true}]}}