{"id":230878,"date":"2026-01-16T01:24:32","date_gmt":"2026-01-16T01:24:32","guid":{"rendered":"https:\/\/www.europesays.com\/pt\/230878\/"},"modified":"2026-01-16T01:24:32","modified_gmt":"2026-01-16T01:24:32","slug":"china-regista-maior-excedente-comercial-da-historia-em-ano-de-tarifas-dos-eua-2","status":"publish","type":"post","link":"https:\/\/www.europesays.com\/pt\/230878\/","title":{"rendered":"China regista maior excedente comercial da hist\u00f3ria em ano de tarifas dos EUA"},"content":{"rendered":"<p>Num ano em que a tens\u00e3o entre China e Estados Unidos da Am\u00e9rica (EUA) voltou a agudizar-se e de um tsnunami nas rela\u00e7\u00f5es comerciais em todo o mundo, <strong>Pequim consegue terminar 2025 com o maior excedente comercial da sua hist\u00f3ria, atingindo os 1,2 bili\u00f5es de d\u00f3lares (cerca de \u20ac1 bili\u00e3o)<\/strong>, de acordo com a Administra\u00e7\u00e3o-Geral das Alf\u00e2ndegas do pa\u00eds. Este indicador, que compara as exporta\u00e7\u00f5es de bens e servi\u00e7os com as importa\u00e7\u00f5es de um pa\u00eds, atinge pela primeira vez a barreira dos bili\u00f5es, depois de um aumento de 20% face ao ano anterior.<\/p>\n<p><a href=\"https:\/\/expresso.pt\/subscrever?action=GEN&amp;channel=BAF&amp;type=CAP&amp;source=WEB&amp;returnUrl=https:\/\/expresso.pt\/economia\/sistema-financeiro\/2026-01-14-china-regista-maior-excedente-comercial-da-historia-em-ano-de-tarifas-dos-eua-3a4a2a1a&amp;utm_source=expresso&amp;utm_medium=locked_article&amp;locked=true&amp;article_id=c639ceec-df15-4b17-bc0a-ffc0ab6ad70f&amp;author_id=Gon\u00e7alo+Almeida&amp;category=Sistema+financeiro\" target=\"_self\" class=\"\" rel=\"nofollow noopener\">Subscrever<\/a>J\u00e1 \u00e9 Subscritor?Fa\u00e7a login e continue a ler<a href=\"http:\/\/expresso.pt\/codigo?redirectUrl=https:\/\/expresso.pt\/economia\/sistema-financeiro\/2026-01-14-china-regista-maior-excedente-comercial-da-historia-em-ano-de-tarifas-dos-eua-3a4a2a1a\" target=\"_self\" class=\"\" rel=\"nofollow noopener\">Inserir C\u00f3digo<\/a>Comprou o Expresso?Insira o c\u00f3digo presente na Revista E para continuar a ler<\/p>\n","protected":false},"excerpt":{"rendered":"Num ano em que a tens\u00e3o entre China e Estados Unidos da Am\u00e9rica (EUA) voltou a agudizar-se e&hellip;\n","protected":false},"author":2,"featured_media":230462,"comment_status":"","ping_status":"","sticky":false,"template":"","format":"standard","meta":{"footnotes":""},"categories":[8],"tags":[27,28,15,16,14,25,26,21,22,12,13,19,20,32,23,24,33,17,18,29,30,31],"class_list":{"0":"post-230878","1":"post","2":"type-post","3":"status-publish","4":"format-standard","5":"has-post-thumbnail","7":"category-principais-noticias","8":"tag-breaking-news","9":"tag-breakingnews","10":"tag-featured-news","11":"tag-featurednews","12":"tag-headlines","13":"tag-latest-news","14":"tag-latestnews","15":"tag-main-news","16":"tag-mainnews","17":"tag-news","18":"tag-noticias","19":"tag-noticias-principais","20":"tag-noticiasprincipais","21":"tag-portugal","22":"tag-principais-noticias","23":"tag-principaisnoticias","24":"tag-pt","25":"tag-top-stories","26":"tag-topstories","27":"tag-ultimas","28":"tag-ultimas-noticias","29":"tag-ultimasnoticias"},"share_on_mastodon":{"url":"https:\/\/pubeurope.com\/@pt\/115902169984064038","error":""},"_links":{"self":[{"href":"https:\/\/www.europesays.com\/pt\/wp-json\/wp\/v2\/posts\/230878","targetHints":{"allow":["GET"]}}],"collection":[{"href":"https:\/\/www.europesays.com\/pt\/wp-json\/wp\/v2\/posts"}],"about":[{"href":"https:\/\/www.europesays.com\/pt\/wp-json\/wp\/v2\/types\/post"}],"author":[{"embeddable":true,"href":"https:\/\/www.europesays.com\/pt\/wp-json\/wp\/v2\/users\/2"}],"replies":[{"embeddable":true,"href":"https:\/\/www.europesays.com\/pt\/wp-json\/wp\/v2\/comments?post=230878"}],"version-history":[{"count":0,"href":"https:\/\/www.europesays.com\/pt\/wp-json\/wp\/v2\/posts\/230878\/revisions"}],"wp:featuredmedia":[{"embeddable":true,"href":"https:\/\/www.europesays.com\/pt\/wp-json\/wp\/v2\/media\/230462"}],"wp:attachment":[{"href":"https:\/\/www.europesays.com\/pt\/wp-json\/wp\/v2\/media?parent=230878"}],"wp:term":[{"taxonomy":"category","embeddable":true,"href":"https:\/\/www.europesays.com\/pt\/wp-json\/wp\/v2\/categories?post=230878"},{"taxonomy":"post_tag","embeddable":true,"href":"https:\/\/www.europesays.com\/pt\/wp-json\/wp\/v2\/tags?post=230878"}],"curies":[{"name":"wp","href":"https:\/\/api.w.org\/{rel}","templated":true}]}}