{"id":230881,"date":"2026-01-16T01:28:22","date_gmt":"2026-01-16T01:28:22","guid":{"rendered":"https:\/\/www.europesays.com\/pt\/230881\/"},"modified":"2026-01-16T01:28:22","modified_gmt":"2026-01-16T01:28:22","slug":"vem-ai-em-terra-forte-maria-de-fatima-e-caio-envolvem-se-novelas","status":"publish","type":"post","link":"https:\/\/www.europesays.com\/pt\/230881\/","title":{"rendered":"Vem a\u00ed em \u00abTerra Forte\u00bb: Maria de F\u00e1tima e Caio envolvem-se &#8211; Novelas"},"content":{"rendered":"<p>Em \u00abTerra Forte\u00bb, <a href=\"https:\/\/tvi.iol.pt\/novelas\/videos\/terra-forte-maria-de-fatima-e-cobra-sao-cumplices-em-varios-crimes\/6900dcc00cf29d28d82991f2\" rel=\"nofollow noopener\" target=\"_blank\">Cobra (Ricardo Burgos)<\/a>\u00a0ouve espantado\u00a0<strong data-end=\"1290\" data-start=\"1220\"><a href=\"https:\/\/tvi.iol.pt\/novelas\/ator\/maria-de-fatima\/68ee548bd34ee0c2fed13d9c\" rel=\"nofollow noopener\" target=\"_blank\">Maria de F\u00e1tima (Rita Pereira)<\/a><\/strong> a contar-lhe que <a href=\"https:\/\/tvi.iol.pt\/novelas\/videos\/terra-forte-sammy-fica-sem-chao-ao-descobrir-que-flor-e-a-mae-de-rosinha\/68f7b83e0cf29d28d8297a75\" rel=\"nofollow noopener\" target=\"_blank\">Sammy (Jos\u00e9 Fidalgo)<\/a> e <a href=\"https:\/\/tvi.iol.pt\/novelas\/videos\/terra-forte-no-dia-do-seu-aniversario-flor-recebe-uma-visita-inesperada\/68f65c7a0cf29d28d82976c8\" rel=\"nofollow noopener\" target=\"_blank\">Flor (Benedita Pereira)<\/a> se envolveram ontem l\u00e1 em casa. Cobra diz a Maria de F\u00e1tima que s\u00f3 pode haver outra pessoa que sabe que eles est\u00e3o juntos. Maria de F\u00e1tima conta a chorar arrasada a Cobra que Sammy e Flor tiveram o desplante de se envolverem ontem \u00e0 noite l\u00e1 em casa mesmo ao p\u00e9 dela.<\/p>\n<p><a href=\"https:\/\/tvi.iol.pt\/novelas\/videos\/terra-forte-caio-deixa-maria-de-fatima-rendida\/695bfd530cf28fe4304aaf39\" rel=\"nofollow noopener\" target=\"_blank\">Caio (Bruno Cabrerizo)<\/a>\u00a0olha preocupado para Maria de F\u00e1tima a chorar, dizendo n\u00e3o aceitar ver uma mulher linda como ela naquele estado, beijando-a com paix\u00e3o. Maria de F\u00e1tima corresponde.<\/p>\n<p>Maria de F\u00e1tima acaba por admitir a Caio que o usou para se vingar da raiva que estava a sentir do seu marido, podendo n\u00e3o s\u00f3 contar-lhe, mas tamb\u00e9m mostrar-lhe o que ele lhe fez. Caio olha-a intrigado.<\/p>\n<p>Recorde-se que Maria de F\u00e1tima ficou rendida a Caio desde o primeiro momento:<\/p>\n","protected":false},"excerpt":{"rendered":"Em \u00abTerra Forte\u00bb, Cobra (Ricardo Burgos)\u00a0ouve espantado\u00a0Maria de F\u00e1tima (Rita Pereira) a contar-lhe que Sammy (Jos\u00e9 Fidalgo) e&hellip;\n","protected":false},"author":2,"featured_media":230882,"comment_status":"","ping_status":"","sticky":false,"template":"","format":"standard","meta":{"footnotes":""},"categories":[142],"tags":[160,41096,3371,166,114,115,157,167,164,8598,161,158,165,159,32,33,156,5871,18614,163,151,162],"class_list":{"0":"post-230881","1":"post","2":"type-post","3":"status-publish","4":"format-standard","5":"has-post-thumbnail","7":"category-tv","8":"tag-ana-guiomar","9":"tag-bruno-cabrerizo","10":"tag-caio","11":"tag-cristina-ferreira","12":"tag-entertainment","13":"tag-entretenimento","14":"tag-festa-e-festa","15":"tag-ficcao","16":"tag-jose-fidalgo","17":"tag-maria-de-fatima","18":"tag-novelas","19":"tag-para-sempre","20":"tag-pedro-sousa","21":"tag-pedro-teixeira","22":"tag-portugal","23":"tag-pt","24":"tag-queridos-papas","25":"tag-rita-pereira","26":"tag-terra-forte","27":"tag-tiago-teotonio-pereira","28":"tag-tv","29":"tag-tvi"},"share_on_mastodon":{"url":"https:\/\/pubeurope.com\/@pt\/115902185665195921","error":""},"_links":{"self":[{"href":"https:\/\/www.europesays.com\/pt\/wp-json\/wp\/v2\/posts\/230881","targetHints":{"allow":["GET"]}}],"collection":[{"href":"https:\/\/www.europesays.com\/pt\/wp-json\/wp\/v2\/posts"}],"about":[{"href":"https:\/\/www.europesays.com\/pt\/wp-json\/wp\/v2\/types\/post"}],"author":[{"embeddable":true,"href":"https:\/\/www.europesays.com\/pt\/wp-json\/wp\/v2\/users\/2"}],"replies":[{"embeddable":true,"href":"https:\/\/www.europesays.com\/pt\/wp-json\/wp\/v2\/comments?post=230881"}],"version-history":[{"count":0,"href":"https:\/\/www.europesays.com\/pt\/wp-json\/wp\/v2\/posts\/230881\/revisions"}],"wp:featuredmedia":[{"embeddable":true,"href":"https:\/\/www.europesays.com\/pt\/wp-json\/wp\/v2\/media\/230882"}],"wp:attachment":[{"href":"https:\/\/www.europesays.com\/pt\/wp-json\/wp\/v2\/media?parent=230881"}],"wp:term":[{"taxonomy":"category","embeddable":true,"href":"https:\/\/www.europesays.com\/pt\/wp-json\/wp\/v2\/categories?post=230881"},{"taxonomy":"post_tag","embeddable":true,"href":"https:\/\/www.europesays.com\/pt\/wp-json\/wp\/v2\/tags?post=230881"}],"curies":[{"name":"wp","href":"https:\/\/api.w.org\/{rel}","templated":true}]}}