{"id":230891,"date":"2026-01-16T01:33:22","date_gmt":"2026-01-16T01:33:22","guid":{"rendered":"https:\/\/www.europesays.com\/pt\/230891\/"},"modified":"2026-01-16T01:33:22","modified_gmt":"2026-01-16T01:33:22","slug":"antes-de-entrar-na-1-a-companhia-soraia-sousa-terminou-relacao-com-famoso-ator-da-tvi-dois-as-10","status":"publish","type":"post","link":"https:\/\/www.europesays.com\/pt\/230891\/","title":{"rendered":"Antes de entrar na \u00ab1.\u00aa Companhia\u00bb, Soraia Sousa terminou rela\u00e7\u00e3o com famoso ator da TVI &#8211; Dois \u00e0s 10"},"content":{"rendered":"<p>                        Antes de entrar na \u00ab1.\u00aa Companhia\u00bb, Soraia Sousa fechou um cap\u00edtulo importante da sua vida pessoal, ao colocar um ponto final numa rela\u00e7\u00e3o de quatro anos com um conhecido ator portugu\u00eas.<\/p>\n<p data-end=\"423\" data-start=\"138\">Antes de vestir a farda e entrar na exigente experi\u00eancia da <strong data-end=\"217\" data-start=\"198\">\u00ab1.\u00aa Companhia\u00bb<\/strong>, Soraia Sousa tomou uma decis\u00e3o importante na sua vida pessoal. A atriz portuguesa, de 34 anos, terminou a rela\u00e7\u00e3o amorosa que mantinha com o ator <strong data-end=\"379\" data-start=\"365\">Jo\u00e3o Jesus<\/strong>, com quem namorava h\u00e1 cerca de quatro anos.<\/p>\n<p data-end=\"833\" data-start=\"425\">Atualmente recruta do novo reality show da TVI, Soraia Sousa \u00e9 licenciada em Teatro e tem vindo a construir um percurso s\u00f3lido no panorama art\u00edstico nacional, marcado pela dedica\u00e7\u00e3o e pelo talento. Ao longo da carreira, participou em v\u00e1rias s\u00e9ries e novelas portuguesas, tanto na televis\u00e3o como no cinema, destacando-se pela sua versatilidade e pela capacidade de dar vida a personagens intensas e complexas.<\/p>\n<p data-end=\"1166\" data-start=\"835\">Mais recentemente, integrou o elenco da novela <strong data-end=\"897\" data-start=\"882\">\u00abA Fazenda\u00bb<\/strong>, onde interpretou Andreia, uma advogada e irm\u00e3 de Alex, personagem vivida por Rodrigo Tom\u00e1s.\u00a0<\/p>\n<p data-end=\"1456\" data-start=\"1168\">No plano pessoal, a atriz vivia uma rela\u00e7\u00e3o com Jo\u00e3o Jesus, que tamb\u00e9m fazia parte do elenco de <strong data-end=\"1279\" data-start=\"1264\">\u00abA Fazenda\u00bb<\/strong>, onde interpretava Joel. O namoro chegou agora ao fim, numa fase que antecedeu a entrada de Soraia no formato da TVI, acrescentando uma nova dimens\u00e3o \u00e0 sua exposi\u00e7\u00e3o medi\u00e1tica.<\/p>\n<p data-end=\"1456\" data-start=\"1168\">Veja alguns dos momentos da recruta no reality show da TVI:<\/p>\n","protected":false},"excerpt":{"rendered":"Antes de entrar na \u00ab1.\u00aa Companhia\u00bb, Soraia Sousa fechou um cap\u00edtulo importante da sua vida pessoal, ao colocar&hellip;\n","protected":false},"author":2,"featured_media":230892,"comment_status":"","ping_status":"","sticky":false,"template":"","format":"standard","meta":{"footnotes":""},"categories":[85],"tags":[31659,329,166,3412,3406,3409,801,3410,3411,3407,3408,114,115,721,3413,338,32,33,14291],"class_list":{"0":"post-230891","1":"post","2":"type-post","3":"status-publish","4":"format-standard","5":"has-post-thumbnail","7":"category-entretenimento","8":"tag-1-a-companhia","9":"tag-claudio-ramos","10":"tag-cristina-ferreira","11":"tag-dois-10","12":"tag-dois-a-s-10-dois-a-s-10","13":"tag-dois-a-s-dez","14":"tag-dois-as-10","15":"tag-dois-as-dez","16":"tag-dois-dez","17":"tag-doisas10","18":"tag-doisasdez","19":"tag-entertainment","20":"tag-entretenimento","21":"tag-joao-jesus","22":"tag-manha-tvi","23":"tag-maria-botelho-moniz","24":"tag-portugal","25":"tag-pt","26":"tag-soraia-sousa"},"share_on_mastodon":{"url":"https:\/\/pubeurope.com\/@pt\/115902205288452632","error":""},"_links":{"self":[{"href":"https:\/\/www.europesays.com\/pt\/wp-json\/wp\/v2\/posts\/230891","targetHints":{"allow":["GET"]}}],"collection":[{"href":"https:\/\/www.europesays.com\/pt\/wp-json\/wp\/v2\/posts"}],"about":[{"href":"https:\/\/www.europesays.com\/pt\/wp-json\/wp\/v2\/types\/post"}],"author":[{"embeddable":true,"href":"https:\/\/www.europesays.com\/pt\/wp-json\/wp\/v2\/users\/2"}],"replies":[{"embeddable":true,"href":"https:\/\/www.europesays.com\/pt\/wp-json\/wp\/v2\/comments?post=230891"}],"version-history":[{"count":0,"href":"https:\/\/www.europesays.com\/pt\/wp-json\/wp\/v2\/posts\/230891\/revisions"}],"wp:featuredmedia":[{"embeddable":true,"href":"https:\/\/www.europesays.com\/pt\/wp-json\/wp\/v2\/media\/230892"}],"wp:attachment":[{"href":"https:\/\/www.europesays.com\/pt\/wp-json\/wp\/v2\/media?parent=230891"}],"wp:term":[{"taxonomy":"category","embeddable":true,"href":"https:\/\/www.europesays.com\/pt\/wp-json\/wp\/v2\/categories?post=230891"},{"taxonomy":"post_tag","embeddable":true,"href":"https:\/\/www.europesays.com\/pt\/wp-json\/wp\/v2\/tags?post=230891"}],"curies":[{"name":"wp","href":"https:\/\/api.w.org\/{rel}","templated":true}]}}