{"id":230904,"date":"2026-01-16T01:46:20","date_gmt":"2026-01-16T01:46:20","guid":{"rendered":"https:\/\/www.europesays.com\/pt\/230904\/"},"modified":"2026-01-16T01:46:20","modified_gmt":"2026-01-16T01:46:20","slug":"da-responsabilidade-de-ganhar-titulos-ao-discurso-do-jogo-a-jogo-o-benfica-de-mourinho-ja-olha-para-os-trofeus-como-uma-miragem","status":"publish","type":"post","link":"https:\/\/www.europesays.com\/pt\/230904\/","title":{"rendered":"Da \u201cresponsabilidade\u201d de \u201cganhar t\u00edtulos\u201d ao discurso do jogo a jogo, o Benfica de Mourinho j\u00e1 olha para os trof\u00e9us como uma miragem"},"content":{"rendered":"<p>A aterragem, a literal aterragem, iniciou um processo de sedu\u00e7\u00e3o. &#8220;Quem \u00e9 o treinador que diz n\u00e3o ao Benfica?&#8221;, <a href=\"https:\/\/sicnoticias.pt\/desporto\/2025-09-17-video-mourinho-na-chegada-a-portugal-quem-e-o-treinador-que-diz-nao-ao-benfica--ae168bbb\" target=\"_blank\" rel=\"noopener noreferrer nofollow\">questionou<\/a> Jos\u00e9 Mourinho perante os jornalistas que aguardavam a chegada do t\u00e9cnico a Portugal.<\/p>\n<p>As \u00e1guias vinham de perder com o <a href=\"\" target=\"_blank\" rel=\"noopener noreferrer\">Qarabag<\/a> na Liga dos Campe\u00f5es, Bruno Lage acabava de ser despedido e, logo naquela madrugada de setembro, tornou-se evidente que, duas d\u00e9cadas e meia depois, o setubalense mais famoso do desporto regressaria \u00e0 Luz. Os primeiros dias, seguindo o gui\u00e3o mourinhista, foram de encanto, entusiasmo, ambi\u00e7\u00e3o.<\/p>\n<p>Logo na <a href=\"https:\/\/tribuna.expresso.pt\/benfica\/2025-09-18-foi-assim-a-apresentacao-de-jose-mourinho-no-benfica-25-anos-depois-sou-treinador-de-um-dos-maiores-clubes-do-mundo-358d7ad3\" target=\"_blank\" rel=\"noopener noreferrer nofollow\">apresenta\u00e7\u00e3o<\/a>, o bicampe\u00e3o europeu mencionou a &#8220;responsabilidade de fazer coisas boas&#8221;, o que &#8220;a n\u00edvel nacional&#8221; significava &#8220;ganhar t\u00edtulos&#8221;. Pois bem, quatro meses volvidos, e a meio da temporada, ver Jos\u00e9 a levantar o 27.\u00ba t\u00edtulo da carreira em 2025\/26 \u00e9 uma perspetiva que vai ro\u00e7ando o irrealista.<\/p>\n<p>Conclu\u00edda a primeira volta da I Liga, o Benfica \u00e9 terceiro, a 10 pontos do FC Porto. Tal<a href=\"https:\/\/tribuna.expresso.pt\/benfica\/2025-12-30-com-10-pontos-de-atraso-para-o-lider-o-benfica-nao-vai-ser-campeao.-pelo-menos-e-o-que-diz-a-historia-76de720a\" target=\"_blank\" rel=\"noopener noreferrer nofollow\"> desvantagem nunca<\/a>, nas 91 edi\u00e7\u00f5es anteriores da competi\u00e7\u00e3o, foi revertida.<\/p>\n<p>Na Ta\u00e7a da Liga houve elimina\u00e7\u00e3o perante o <a href=\"https:\/\/tribuna.expresso.pt\/cronica-de-jogo\/2026-01-07-zalazar-destruiu-o-benfica-e-sera-feriado-no-minho-no-proximo-sabado-4512e1c1?utm_source=olimpia&amp;utm_medium=category&amp;utm_campaign=WEB&amp;utm_content=\/cronica-de-jogo\/2026-01-07-zalazar-destruiu-o-benfica-e-sera-feriado-no-minho-no-proximo-sabado-4512e1c1\" target=\"_blank\" rel=\"noopener noreferrer nofollow\">SC Braga<\/a>, nas meias-finais, e na Ta\u00e7a de Portugal deu-se a queda face o <a href=\"https:\/\/tribuna.expresso.pt\/cronica-de-jogo\/2026-01-14-com-uma-goleada-de-entreajuda-o-fc-porto-empurrou-a-epoca-do-benfica-para-o-abismo-00f17af6\" target=\"_blank\" rel=\"noopener noreferrer nofollow\">FC Porto<\/a>. Na Liga dos Campe\u00f5es h\u00e1 duas finais a caminho, com Juventus e Real Madrid, desafios determinantes para saber se os lisboetas seguem para o play-off. Mesmo que sigam em prova na competi\u00e7\u00e3o europeia, imaginar que ser\u00e1 a\u00ed onde o Benfica erguer\u00e1 um t\u00edtulo \u00e9 inveros\u00edmil.<\/p>\n<p>Mourinho na confer\u00eancia de imprensa no Drag\u00e3o<\/p>\n<p>Diogo Cardoso<\/p>\n<p>No momento inicial, no otimismo da partida, Mou disse pensar &#8220;verdadeiramente&#8221; que o Benfica tinha &#8220;todas as condi\u00e7\u00f5es para ganhar o campeonato&#8221;. &#8220;Tem dois pontos perdidos, seguramente iremos perder mais, espero que n\u00e3o muitos, mas partimos da estaca zero. O Benfica tem potencial no balne\u00e1rio para ser campe\u00e3o, n\u00e3o me escondo.&#8221;<\/p>\n<p>Na ressaca da derrota no Drag\u00e3o, o discurso j\u00e1 sofreu nuances. O t\u00e9cnico claramente n\u00e3o gostou de ser questionado sobre as perspetivas pouco animadoras da \u00e9poca encarnada e ensaiou uma postura de jogo a jogo, dizendo estar &#8220;sempre para ganhar&#8221; e que, neste momento, o objetivo era &#8220;ganhar s\u00e1bado&#8221;, na visita ao Rio Ave.<\/p>\n<p>&#8220;Quando n\u00e3o h\u00e1 competi\u00e7\u00f5es para ganhar, h\u00e1 jogos para ganhar e s\u00e1bado \u00e9 mais um&#8221;, comentou o setubalense, ao assegurar que, no Benfica, &#8220;h\u00e1 sempre objetivos para atingir&#8221;. &#8220;O de agora \u00e9 ganhar o pr\u00f3ximo&#8221;, atirou num tom r\u00edspido, seco, sem o encanto de setembro.<\/p>\n<p>Se, h\u00e1 quatro meses, Mourinho falava da &#8220;estaca zero&#8221;, a ideia tamb\u00e9m j\u00e1 se alterou. Confrontando com o facto de ter sido contratado para ganhar t\u00edtulos, o treinador retorquiu que chegou &#8220;numa situa\u00e7\u00e3o dif\u00edcil&#8221;, que &#8220;come\u00e7ou mal&#8221;. Quando substituiu Bruno Lage, a equipa estava, decorridas quatro rondas, dois pontos atr\u00e1s do FC Porto. Agora, depois de 13 jornadas com Jos\u00e9, conta 10 pontos de desvantagem.<\/p>\n<p>Em rela\u00e7\u00e3o \u00e0s ta\u00e7as internas, o Benfica n\u00e3o iniciara a participa\u00e7\u00e3o em nenhuma delas com Lage, que at\u00e9 erguera a Superta\u00e7a em agosto. Se em 2024\/25 as \u00e1guias ganharam a Ta\u00e7a da Liga e foram \u00e0 final da Ta\u00e7a de Portugal, agora n\u00e3o chegaram, sequer, ao embate decisivo de qualquer uma das provas a eliminar.<\/p>\n<p>H\u00e1 um ano, Lage somou 10 vit\u00f3rias, um empate e duas derrotas nas 13 primeiras jornadas em que se sentou no banco, contabilizando 31 pontos. Agora, no mesmo per\u00edodo competitivo, Mourinho fez oito vit\u00f3rias e cinco igualdades, com 29 pontos.<\/p>\n<p>Altos e baixos nas exibi\u00e7\u00f5es e no discurso<\/p>\n<p>No ver\u00e3o passado, o Benfica investiu \u20ac105,5 milh\u00f5es em contrata\u00e7\u00f5es. Fora das cinco principais ligas europeias (Espanha, Inglaterra, Fran\u00e7a, It\u00e1lia e Alemanha), apenas o Neom e o Al-Qadsiah, da milion\u00e1ria Ar\u00e1bia Saudita, e o Galatasaray, da Turquia, gastaram mais na janela de transfer\u00eancias estival.<\/p>\n<p>Amar Dedic rodeado por jogadores do FC Porto<\/p>\n<p>Jose Manuel Alvarez Rey<\/p>\n<p class=\"category\"><a href=\"https:\/\/tribuna.expresso.pt\/cronica-de-jogo\" rel=\"nofollow noopener\" target=\"_blank\">Cr\u00f3nica de Jogo<\/a><\/p>\n<p class=\"follow-link\"><a href=\"https:\/\/tribuna.expresso.pt\/cronica-de-jogo\/2026-01-14-com-uma-goleada-de-entreajuda-o-fc-porto-empurrou-a-epoca-do-benfica-para-o-abismo-00f17af6\" rel=\"canonical nofollow noopener\" target=\"_blank\">Leia tamb\u00e9m<\/a><\/p>\n<p>Apesar de abertos os cord\u00f5es \u00e0 bolsa, o Benfica de Jos\u00e9 Mourinho ainda n\u00e3o ganhou tr\u00eas rondas seguidas da I Liga. Os 29 pontos em 13 jornadas com o ex-Fenerbah\u00e7e significam que, caso o ritmo se mantivesse num campeonato completo, a equipa andaria entre os 75 e os 76 pontos, valores t\u00edpicos de terceiro lugar em Portugal.<\/p>\n<p>O discurso da esperan\u00e7a rapidamente se tornou menos luminoso. No primeiro encontro em casa, diante do Gil Vicente, o homem de 62 anos <a href=\"https:\/\/tribuna.expresso.pt\/benfica\/2025-09-26-jose-mourinho-nao-e-o-benfica-que-queremos.-a-equipa-ainda-nao-tem-identidade-esta-numa-zona-cinzenta.-sabe-que-nao-tem-nivel-top-e247f6c5\" target=\"_blank\" rel=\"noopener noreferrer nofollow\">falou<\/a> de um conjunto sem &#8220;identidade&#8221;, que se encontrava numa &#8220;zona cinzenta&#8221; e fora do &#8220;n\u00edvel top&#8221;.<\/p>\n<p>Ao longo dos meses, o tom tem ido entre o elogio, mesmo perante algumas derrotas, e a cr\u00edtica ac\u00e9rrima a jogadores ou <a href=\"https:\/\/tribuna.expresso.pt\/benfica\/2025-12-28-jose-mourinho-o-golo-e-limpo-ganhamos-3-2-e-uma-grande-vitoria.-ganhamos-ganhamos-ganhamos-93f82c45\" target=\"_blank\" rel=\"noopener noreferrer nofollow\">\u00e1rbitros<\/a>. Nos desaires contra Bayer Leverkusen e FC Porto houve, no primeiro caso, refer\u00eancias a um coletivo &#8220;a jogar muito bem&#8221;, o que deixava o respons\u00e1vel &#8220;content\u00edssimo com a evolu\u00e7\u00e3o da qualidade de jogo&#8221;. No Drag\u00e3o, &#8220;a melhor equipa perdeu&#8221;, disse Mourinho, que estava &#8220;chateado com o resultado&#8221;, n\u00e3o com os seus homens.<\/p>\n<p>Em sentido inverso, registaram-se contundentes disserta\u00e7\u00f5es de desagrado dirigidas aos futebolistas, as famosas duras. Contra o Atl\u00e9tico, na Ta\u00e7a, descreveu uma <a href=\"https:\/\/tribuna.expresso.pt\/benfica\/2025-11-21-jose-mourinho-o-rodrigo-rego-chamou-me-imediatamente-a-atencao-pela-atitude-e5a142ea\" target=\"_blank\" rel=\"noopener noreferrer nofollow\">atitude<\/a> &#8220;n\u00e3o admiss\u00edvel&#8221;, o que levou a que o t\u00e9cnico tivesse &#8220;vontade de mudar nove jogadores&#8221; ao intervalo. Diante do SC Braga, na Ta\u00e7a da Liga, o treinador considerou que &#8220;quem faz uma primeira parte t\u00e3o m\u00e1 n\u00e3o merece vencer&#8221;. &#8220;Desejo que os jogadores durmam t\u00e3o bem quanto eu, ou seja, n\u00e3o dormirem. Que n\u00e3o durmam e pensem como eu vou pensar&#8221;, disparou, antes de rumar com a equipa para uma <a href=\"https:\/\/tribuna.expresso.pt\/benfica\/2026-01-08-derrotados-pelo-sc-braga-os-jogadores-do-benfica-foram-dormir-ao-seixal-mas-nao-foi-um-castigo-d6ab0f5e\" target=\"_blank\" rel=\"noopener noreferrer nofollow\">noite no Seixal.<\/a><\/p>\n<p>O problema dos jogos grandes<\/p>\n<p>Um dos paradoxos da passada temporada do Benfica esteve relacionado com os embates de maior exig\u00eancia. Numa campanha em que as \u00e1guias conseguiram duas <a href=\"https:\/\/tribuna.expresso.pt\/cronica-de-jogo\/2025-04-06-pavlidis-o-cavalo-de-troia-que-tomou-o-rival-de-assalto--a-cronica-do-fc-porto-benfica--2de23258\" target=\"_blank\" rel=\"noopener noreferrer nofollow\">goleadas hist\u00f3ricas<\/a> perante o FC Porto, humilharam o <a href=\"https:\/\/tribuna.expresso.pt\/cronica-de-jogo\/2024-10-02-so-lage-travou-os-oles-dos-adeptos-encarnados-que-viram-o-benfica-golear-o-atletico-madrid-8d325ffa\" target=\"_blank\" rel=\"noopener noreferrer nofollow\">Atl\u00e9tico de Madrid<\/a>, bateram o p\u00e9 ao <a href=\"https:\/\/tribuna.expresso.pt\/cronica-de-jogo\/2025-01-21-vangelis-e-carreras-comecaram-por-dar-musica-ao-barcelona-mas-neste-jogo-aconteceu-de-tudo.-ate-a-derrota-do-benfica-1a4011ee\" target=\"_blank\" rel=\"noopener noreferrer nofollow\">Barcelona<\/a> e triunfaram numa final frente ao <a href=\"https:\/\/tribuna.expresso.pt\/cronica-de-jogo\/2025-01-11-leiria-pode-nao-existir-mas-foi-la-que-existiu-caos-emocao-boas-intencoes-incumpridas-e-um-benfica-a-voltar-as-conquistas-na-taca-da-liga-f31dbd7d\" target=\"_blank\" rel=\"noopener noreferrer nofollow\">Sporting,<\/a> acabaram por ser dois d\u00e9rbis sem o desfecho desejado a ditar um maio de desilus\u00e3o. O empate com sabor a derrota na 33\u00aa ronda contra os le\u00f5es e a final perdida no Jamor deixaram o vizinho da Segunda Circular a festejar a dobradinha e fragilizaram Bruno Lage.<\/p>\n<p>Em sete dias, o Benfica viu fugir duas hip\u00f3teseses de trof\u00e9u<\/p>\n<p>Gualter Fatia<\/p>\n<p>A chegada de Jos\u00e9 Mourinho tinha, tamb\u00e9m, o objetivo de dar armas ao coletivo nesses contextos. No entanto, o treinador tem chumbado nesse exame. No campeonato houve empates contra FC Porto, Sporting e SC Braga. Nas Ta\u00e7as registaram-se elimina\u00e7\u00f5es provocadas por portistas e bracarenses. O 2-0 ao <a href=\"https:\/\/tribuna.expresso.pt\/cronica-de-jogo\/2025-12-10-rios-o-nome-da-enxurrada-que-o-benfica-tinha-para-dar-ao-napoles-c4cbaec2\" target=\"_blank\" rel=\"noopener noreferrer nofollow\">N\u00e1poles<\/a>, na Liga dos Campe\u00f5es, acaba por ser o melhor momento destes meses.<\/p>\n<p>Sem dar um salto de resultados nos duelos com rivais diretos, os t\u00edtulos v\u00e3o-se tornando uma miragem. Para o clube, as dece\u00e7\u00f5es v\u00e3o-se acumulando: desde que o hist\u00f3rico tetra foi conseguido, em 2016\/17, o Benfica apenas ganhou dois campeonatos em oito poss\u00edveis, uma Ta\u00e7a da Liga em nove chances e nenhuma Ta\u00e7a de Portugal.<\/p>\n<p>Nas redes sociais, o clube continua a usar a imagem do laureado treinador exaustivamente. Mais do que um novo respons\u00e1vel t\u00e9cnico, Mou aterrou para ser a cara do Benfica, escudo para Rui Costa e forma de levantar o \u00e2nimo. \u00c0 medida que os trof\u00e9us desaparecem, o golpe vai perdendo efeito, a sedu\u00e7\u00e3o esfuma-se, fica a cara trancada e as respostas pouco simp\u00e1ticas em confer\u00eancias de imprensa.<\/p>\n<p>O treinador tem contrato at\u00e9 final de 2026\/27. No entanto, nos 10 dias seguintes ao final da presente campanha, o v\u00ednculo pode cessar caso Jos\u00e9 Mourinho ou o Benfica manifestam vontade de separa\u00e7\u00e3o.<\/p>\n","protected":false},"excerpt":{"rendered":"A aterragem, a literal aterragem, iniciou um processo de sedu\u00e7\u00e3o. &#8220;Quem \u00e9 o treinador que diz n\u00e3o ao&hellip;\n","protected":false},"author":2,"featured_media":230905,"comment_status":"","ping_status":"","sticky":false,"template":"","format":"standard","meta":{"footnotes":""},"categories":[87],"tags":[135,32,33,134],"class_list":{"0":"post-230904","1":"post","2":"type-post","3":"status-publish","4":"format-standard","5":"has-post-thumbnail","7":"category-desporto","8":"tag-desporto","9":"tag-portugal","10":"tag-pt","11":"tag-sports"},"share_on_mastodon":{"url":"https:\/\/pubeurope.com\/@pt\/115902256498227221","error":""},"_links":{"self":[{"href":"https:\/\/www.europesays.com\/pt\/wp-json\/wp\/v2\/posts\/230904","targetHints":{"allow":["GET"]}}],"collection":[{"href":"https:\/\/www.europesays.com\/pt\/wp-json\/wp\/v2\/posts"}],"about":[{"href":"https:\/\/www.europesays.com\/pt\/wp-json\/wp\/v2\/types\/post"}],"author":[{"embeddable":true,"href":"https:\/\/www.europesays.com\/pt\/wp-json\/wp\/v2\/users\/2"}],"replies":[{"embeddable":true,"href":"https:\/\/www.europesays.com\/pt\/wp-json\/wp\/v2\/comments?post=230904"}],"version-history":[{"count":0,"href":"https:\/\/www.europesays.com\/pt\/wp-json\/wp\/v2\/posts\/230904\/revisions"}],"wp:featuredmedia":[{"embeddable":true,"href":"https:\/\/www.europesays.com\/pt\/wp-json\/wp\/v2\/media\/230905"}],"wp:attachment":[{"href":"https:\/\/www.europesays.com\/pt\/wp-json\/wp\/v2\/media?parent=230904"}],"wp:term":[{"taxonomy":"category","embeddable":true,"href":"https:\/\/www.europesays.com\/pt\/wp-json\/wp\/v2\/categories?post=230904"},{"taxonomy":"post_tag","embeddable":true,"href":"https:\/\/www.europesays.com\/pt\/wp-json\/wp\/v2\/tags?post=230904"}],"curies":[{"name":"wp","href":"https:\/\/api.w.org\/{rel}","templated":true}]}}