{"id":230908,"date":"2026-01-16T01:48:25","date_gmt":"2026-01-16T01:48:25","guid":{"rendered":"https:\/\/www.europesays.com\/pt\/230908\/"},"modified":"2026-01-16T01:48:25","modified_gmt":"2026-01-16T01:48:25","slug":"de-luto-manuel-luis-goucha-e-rui-oliveira-choram-morte-na-familia","status":"publish","type":"post","link":"https:\/\/www.europesays.com\/pt\/230908\/","title":{"rendered":"De luto! Manuel Lu\u00eds Goucha e Rui Oliveira choram morte na fam\u00edlia"},"content":{"rendered":"<p>Morreu, esta quarta-feira, dia 14, M\u00e1rio Jos\u00e9 de Oliveira Nunes, irm\u00e3o de Rui Oliveira e cunhado de <a href=\"https:\/\/selfie.iol.pt\/famosos\/goucha\/manuel-luis-goucha-sobre-pessoa-especial-a-vida-da-muitas-voltas-e-ha-anos-que-anda-nas-limpezas\/20260113\/69662739d34e0ec52ec20a66\" target=\"_blank\" rel=\"nofollow noopener\">Manuel Lu\u00eds Goucha<\/a>.<\/p>\n<p>A not\u00edcia foi adiantada pela CMTV, esta\u00e7\u00e3o da qual <a href=\"https:\/\/selfie.iol.pt\/famosos\/manuel-luis-goucha\/manuel-luis-goucha-e-rui-oliveira-celebram-data-especial-foi-na-noite-de-santo-antonio\/20250613\/684b4476d34ef72ee447256f\" target=\"_blank\" rel=\"nofollow noopener\">Rui Oliveira<\/a> \u00e9 apresentador. O respetivo familiar tinha\u00a069 anos<br \/>e lutava contra um cancro, tendo morrido no Hospital de S\u00e3o Jos\u00e9, em Lisboa.<\/p>\n<p>O vel\u00f3rio de M\u00e1rio Jos\u00e9 de Oliveira Nunes est\u00e1 a acontecer em capela do Cemit\u00e9rio de Carnaxide. Nesta sexta-feira, dia 16, o corpo ser\u00e1 cremado.<\/p>\n","protected":false},"excerpt":{"rendered":"Morreu, esta quarta-feira, dia 14, M\u00e1rio Jos\u00e9 de Oliveira Nunes, irm\u00e3o de Rui Oliveira e cunhado de Manuel&hellip;\n","protected":false},"author":2,"featured_media":230909,"comment_status":"","ping_status":"","sticky":false,"template":"","format":"standard","meta":{"footnotes":""},"categories":[85],"tags":[6973,9402,114,115,980,6451,3416,7804,1437,619,32,33,6751,1012,162],"class_list":{"0":"post-230908","1":"post","2":"type-post","3":"status-publish","4":"format-standard","5":"has-post-thumbnail","7":"category-entretenimento","8":"tag-apresentador","9":"tag-cmtv","10":"tag-entertainment","11":"tag-entretenimento","12":"tag-famosos","13":"tag-irmao","14":"tag-manuel-luis-goucha","15":"tag-morreu","16":"tag-morte","17":"tag-nacional","18":"tag-portugal","19":"tag-pt","20":"tag-rui-oliveira","21":"tag-selfie","22":"tag-tvi"},"share_on_mastodon":{"url":"https:\/\/pubeurope.com\/@pt\/115902264274482341","error":""},"_links":{"self":[{"href":"https:\/\/www.europesays.com\/pt\/wp-json\/wp\/v2\/posts\/230908","targetHints":{"allow":["GET"]}}],"collection":[{"href":"https:\/\/www.europesays.com\/pt\/wp-json\/wp\/v2\/posts"}],"about":[{"href":"https:\/\/www.europesays.com\/pt\/wp-json\/wp\/v2\/types\/post"}],"author":[{"embeddable":true,"href":"https:\/\/www.europesays.com\/pt\/wp-json\/wp\/v2\/users\/2"}],"replies":[{"embeddable":true,"href":"https:\/\/www.europesays.com\/pt\/wp-json\/wp\/v2\/comments?post=230908"}],"version-history":[{"count":0,"href":"https:\/\/www.europesays.com\/pt\/wp-json\/wp\/v2\/posts\/230908\/revisions"}],"wp:featuredmedia":[{"embeddable":true,"href":"https:\/\/www.europesays.com\/pt\/wp-json\/wp\/v2\/media\/230909"}],"wp:attachment":[{"href":"https:\/\/www.europesays.com\/pt\/wp-json\/wp\/v2\/media?parent=230908"}],"wp:term":[{"taxonomy":"category","embeddable":true,"href":"https:\/\/www.europesays.com\/pt\/wp-json\/wp\/v2\/categories?post=230908"},{"taxonomy":"post_tag","embeddable":true,"href":"https:\/\/www.europesays.com\/pt\/wp-json\/wp\/v2\/tags?post=230908"}],"curies":[{"name":"wp","href":"https:\/\/api.w.org\/{rel}","templated":true}]}}