{"id":230912,"date":"2026-01-16T01:52:25","date_gmt":"2026-01-16T01:52:25","guid":{"rendered":"https:\/\/www.europesays.com\/pt\/230912\/"},"modified":"2026-01-16T01:52:25","modified_gmt":"2026-01-16T01:52:25","slug":"email-inutil-14-candidatos-e-se-desistir-tres-pontas-soltas-do-voto-antecipado","status":"publish","type":"post","link":"https:\/\/www.europesays.com\/pt\/230912\/","title":{"rendered":"Email in\u00fatil, 14 candidatos, e se desistir? Tr\u00eas pontas soltas do voto antecipado"},"content":{"rendered":"<p><img decoding=\"async\" loading=\"lazy\" class=\"size-kopa-image-size-3 wp-image-722160\" src=\"https:\/\/www.europesays.com\/pt\/wp-content\/uploads\/2026\/01\/00d0947e41427f84709fe2ca10413ae3-783x450.jpg\" alt=\"\" width=\"700\" height=\"402\"  \/><\/p>\n<p class=\"wp-caption-text bot\">Marcelo Rebelo de Sousa no voto antecipado das elei\u00e7\u00f5es presidenciais 2026<\/p>\n<p><strong>Destaques do dia que representa um \u201cavan\u00e7o em democracia\u201d em Portugal. Confirma\u00e7\u00e3o do requerimento chegou tarde.<\/strong><\/p>\n<p>\u201c\u00c9 uma vantagem enorme as pessoas poderem votar antecipadamente quando t\u00eam vidas complicadas e v\u00e3o de um s\u00edtio para o outro\u201d.<\/p>\n<p>\u201c\u00c9 um avan\u00e7o em democracia\u201d.<\/p>\n<p>Marcelo Rebelo de Sousa falou com os jornalistas no domingo passado, dia do <strong>voto antecipado.<\/strong> Tal como o presidente da Rep\u00fablica, outras 218 mil pessoas inscreveram-se nesta modalidade, que permitiu votar uma semana antes do dia oficial, 18 de Janeiro \u2013 e votar no concelho onde quisesse.<\/p>\n<p>Mas ficaram algumas \u201cpontas soltas\u201d em rela\u00e7\u00e3o ao voto antecipado.<\/p>\n<p>Como j\u00e1 tinha sido <a href=\"https:\/\/zap.aeiou.pt\/boletim-voto-presidenciais-candidatos-nao-sao-candidatos-719484\" data-wpel-link=\"internal\" rel=\"nofollow noopener\" target=\"_blank\">anunciado<\/a>, os boletins de voto t\u00eam candidatos que n\u00e3o s\u00e3o candidatos. <strong>Joana Amaral Dias, Ricardo Sousa e Jos\u00e9 Cardoso<\/strong>. Todas estas candidaturas foram rejeitadas pelo Tribunal Constitucional; mas todas est\u00e3o no boletim de voto, confirmou o ZAP.<\/p>\n<p>Calculamos que quem votou num desses tr\u00eas nomes vai ver o seu voto anulado. Ser\u00e1 um voto nulo.<\/p>\n<p>N\u00e3o sabemos o que acontecer\u00e1 se se concretizar um cen\u00e1rio que j\u00e1 foi colocado: <a href=\"https:\/\/zap.aeiou.pt\/jorge-pinto-sugere-desistir-720885\" data-wpel-link=\"internal\" rel=\"nofollow noopener\" target=\"_blank\">Jorge Pinto desistir<\/a>, daqui at\u00e9 domingo. Ou Jorge Pinto, ou outro candidato. O que acontece a esse voto? <strong>Nulo?<\/strong> O ZAP perguntou ao Minist\u00e9rio da Administra\u00e7\u00e3o Interna; sem resposta.<\/p>\n<p>A \u00faltima nota surgiu j\u00e1 no dia seguinte ao dia do voto antecipado: na segunda-feira, eleitores receberam por email a confirma\u00e7\u00e3o do requerimento\u2026 sobre o voto antecipado. <strong>Receberam a confirma\u00e7\u00e3o que podiam ir ao voto antecipado, j\u00e1 depois do dia antecipado<\/strong>. O que aconteceu? Tamb\u00e9m n\u00e3o tivemos resposta do Minist\u00e9rio.<\/p>\n<p>No pr\u00f3ximo domingo h\u00e1 nova ronda, agora muito mais alargada. Com 14 candidatos, e n\u00e3o 11. E j\u00e1 com a <a href=\"https:\/\/zap.aeiou.pt\/ha-boletins-da-segunda-volta-que-poderao-ter-todos-os-candidatos-e-mais-alguns-721968\" data-wpel-link=\"internal\" rel=\"nofollow noopener\" target=\"_blank\">possibilidade<\/a> de, na segunda volta, os mesmos 14 nomes podem aparecer em boletins de voto na mesma.<\/p>\n<p style=\"padding-left: 25px; margin-bottom: 10; font-family: Roboto, Arial, Helvetica, sans-serif; font-size: 15px\">&#13;<br \/>\n        Nuno Teixeira da Silva, ZAP \/\/ <a href=\"\" data-wpel-link=\"internal\"\/>&#13;\n    <\/p>\n<p>    <a href=\"https:\/\/zap.aeiou.pt\/subscrever-newsletter\" data-wpel-link=\"internal\" rel=\"nofollow noopener\" target=\"_blank\">&#13;<br \/>\n        <img loading=\"lazy\" decoding=\"async\" class=\"aligncenter size-full wp-image-575475\" src=\"https:\/\/www.europesays.com\/pt\/wp-content\/uploads\/2025\/12\/1765389371_545_2d51fe4a0ba54894421ead1809309ed9-1-450x140.jpg\" alt=\"Subscreva a Newsletter ZAP\" width=\"450\" height=\"140\"\/>&#13;<br \/>\n    <\/a><\/p>\n<p>                <a href=\"https:\/\/whatsapp.com\/channel\/0029VaIC4EE2f3EJZPPSbR34\" data-wpel-link=\"external\" target=\"_blank\" rel=\"nofollow external noopener noreferrer\" class=\"ext-link\">&#13;<br \/>\n                    <img loading=\"lazy\" decoding=\"async\" class=\"aligncenter size-full wp-image-575475\" src=\"https:\/\/www.europesays.com\/pt\/wp-content\/uploads\/2025\/12\/1765389371_770_c68c559d956d4ca20f435ed74a6e71e6.png\" alt=\"Siga-nos no WhatsApp\" width=\"175\" height=\"64\"\/>&#13;<br \/>\n                <\/a><\/p>\n<p>                <a href=\"https:\/\/news.google.com\/publications\/CAAiEHRwZondIV71PDjWNoqMduEqFAgKIhB0cGaJ3SFe9Tw41jaKjHbh?hl=en-US&amp;gl=US&amp;ceid=US%3Aen\" data-wpel-link=\"external\" target=\"_blank\" rel=\"nofollow external noopener noreferrer\" class=\"ext-link\">&#13;<br \/>\n                    <img loading=\"lazy\" decoding=\"async\" class=\"aligncenter size-full wp-image-575475\" src=\"https:\/\/www.europesays.com\/pt\/wp-content\/uploads\/2025\/12\/1765389372_556_5123dd8b087b644fdb8f8603acd1bad4.png\" alt=\"Siga-nos no Google News\" width=\"176\" height=\"64\"\/>&#13;<br \/>\n                <\/a><\/p>\n","protected":false},"excerpt":{"rendered":"Marcelo Rebelo de Sousa no voto antecipado das elei\u00e7\u00f5es presidenciais 2026 Destaques do dia que representa um \u201cavan\u00e7o&hellip;\n","protected":false},"author":2,"featured_media":230913,"comment_status":"","ping_status":"","sticky":false,"template":"","format":"standard","meta":{"footnotes":""},"categories":[10],"tags":[27,28,2258,15,16,14,25,26,21,22,12,13,19,20,52,32,1076,23,24,33,17,18,29,30,31],"class_list":{"0":"post-230912","1":"post","2":"type-post","3":"status-publish","4":"format-standard","5":"has-post-thumbnail","7":"category-portugal","8":"tag-breaking-news","9":"tag-breakingnews","10":"tag-eleicoes","11":"tag-featured-news","12":"tag-featurednews","13":"tag-headlines","14":"tag-latest-news","15":"tag-latestnews","16":"tag-main-news","17":"tag-mainnews","18":"tag-news","19":"tag-noticias","20":"tag-noticias-principais","21":"tag-noticiasprincipais","22":"tag-politica","23":"tag-portugal","24":"tag-presidenciais-2026","25":"tag-principais-noticias","26":"tag-principaisnoticias","27":"tag-pt","28":"tag-top-stories","29":"tag-topstories","30":"tag-ultimas","31":"tag-ultimas-noticias","32":"tag-ultimasnoticias"},"share_on_mastodon":{"url":"https:\/\/pubeurope.com\/@pt\/115902280065849085","error":""},"_links":{"self":[{"href":"https:\/\/www.europesays.com\/pt\/wp-json\/wp\/v2\/posts\/230912","targetHints":{"allow":["GET"]}}],"collection":[{"href":"https:\/\/www.europesays.com\/pt\/wp-json\/wp\/v2\/posts"}],"about":[{"href":"https:\/\/www.europesays.com\/pt\/wp-json\/wp\/v2\/types\/post"}],"author":[{"embeddable":true,"href":"https:\/\/www.europesays.com\/pt\/wp-json\/wp\/v2\/users\/2"}],"replies":[{"embeddable":true,"href":"https:\/\/www.europesays.com\/pt\/wp-json\/wp\/v2\/comments?post=230912"}],"version-history":[{"count":0,"href":"https:\/\/www.europesays.com\/pt\/wp-json\/wp\/v2\/posts\/230912\/revisions"}],"wp:featuredmedia":[{"embeddable":true,"href":"https:\/\/www.europesays.com\/pt\/wp-json\/wp\/v2\/media\/230913"}],"wp:attachment":[{"href":"https:\/\/www.europesays.com\/pt\/wp-json\/wp\/v2\/media?parent=230912"}],"wp:term":[{"taxonomy":"category","embeddable":true,"href":"https:\/\/www.europesays.com\/pt\/wp-json\/wp\/v2\/categories?post=230912"},{"taxonomy":"post_tag","embeddable":true,"href":"https:\/\/www.europesays.com\/pt\/wp-json\/wp\/v2\/tags?post=230912"}],"curies":[{"name":"wp","href":"https:\/\/api.w.org\/{rel}","templated":true}]}}