{"id":230914,"date":"2026-01-16T01:54:10","date_gmt":"2026-01-16T01:54:10","guid":{"rendered":"https:\/\/www.europesays.com\/pt\/230914\/"},"modified":"2026-01-16T01:54:10","modified_gmt":"2026-01-16T01:54:10","slug":"jose-loreto-fala-sobre-namoro-que-comecou-nos-bastidores-do-filme-sobre-chorao-intenso","status":"publish","type":"post","link":"https:\/\/www.europesays.com\/pt\/230914\/","title":{"rendered":"Jos\u00e9 Loreto fala sobre namoro que come\u00e7ou nos bastidores do filme sobre Chor\u00e3o: &#8220;Intenso&#8221;"},"content":{"rendered":"<p>O clima de romance marcou a participa\u00e7\u00e3o de <a href=\"https:\/\/caras.com.br\/tags\/jose-loreto\" rel=\"nofollow noopener\" target=\"_blank\"><strong>Jos\u00e9 Loreto<\/strong><\/a> no programa Encontro com Patr\u00edcia Poeta, exibido nesta quinta-feira, 15. Durante a conversa, o ator falou abertamente sobre o relacionamento com <strong>Fernanda Marques,<\/strong> com quem contracenou no filme Chor\u00e3o: S\u00f3 Os Loucos Sabem.<\/p>\n<p>Segundo Loreto, a aproxima\u00e7\u00e3o aconteceu de forma natural durante as grava\u00e7\u00f5es. \u201cA gente foi t\u00e3o intenso ali na filmagem que saiu da tela um pouco\u201d, comentou, ao ser provocado pela apresentadora sobre o encontro ter nascido nos bastidores do longa.<\/p>\n<p>No filme, o ator interpreta <strong>Chor\u00e3o,<\/strong> vocalista do Charlie Brown Jr., papel para o qual se dedicou integralmente, incluindo treinos de skate em Santos, cidade que marcou a trajet\u00f3ria do m\u00fasico. Fernanda vive <strong>Graziela Gon\u00e7alves,<\/strong> que vem a ser a esposa do cantor, o que exigiu uma conviv\u00eancia pr\u00f3xima entre os dois durante o processo.<\/p>\n<p>\u201cA gente est\u00e1 se sentindo muito, vivendo nosso dia a dia, nosso romance. A gente est\u00e1 se conhecendo eternamente\u201d, disse Loreto, ao falar sobre o momento atual do casal.<\/p>\n<blockquote class=\"instagram-media\" style=\"background: #FFF; border: 0; border-radius: 3px; box-shadow: 0 0 1px 0 rgba(0,0,0,0.5),0 1px 10px 0 rgba(0,0,0,0.15); margin: 1px; max-width: 540px; min-width: 326px; padding: 0; width: calc(100% - 2px);\" data-instgrm-captioned=\"\" data-instgrm-permalink=\"https:\/\/www.instagram.com\/p\/DPxL-wrjrzU\/?utm_source=ig_embed&amp;utm_campaign=loading\" data-instgrm-version=\"14\"><\/blockquote>\n<p>  Quem \u00e9 Fernanda Marques, namorada de Jos\u00e9 Loreto? <\/p>\n<p>Aos 30 anos, Fernanda Marques j\u00e1 construiu uma trajet\u00f3ria s\u00f3lida na televis\u00e3o. A atriz ficou conhecida por trabalhos em produ\u00e7\u00f5es como Um Lugar ao Sol e Vale Tudo.<\/p>\n<p>Criada em Itaquera, na Zona Leste de S\u00e3o Paulo, Fernanda costuma destacar suas origens e o orgulho de ter crescido na periferia. Filha de uma fam\u00edlia de ascend\u00eancia cearense, ela iniciou a carreira ainda crian\u00e7a, aos 11 anos, fazendo comerciais de televis\u00e3o. O contato precoce com os est\u00fadios despertou o interesse pela atua\u00e7\u00e3o, que mais tarde se consolidou no teatro e, posteriormente, na TV.<\/p>\n<p>Discreta sobre a vida pessoal, Fernanda vem chamando aten\u00e7\u00e3o justamente pela trajet\u00f3ria constru\u00edda com consist\u00eancia e o novo momento de visibilidade ao lado de Jos\u00e9 Loreto. Juntos, os dois vivem uma nova fase de descoberta e cumplicidade, marcada pelo romance que nasceu nos bastidores de dos filmes nacionais mais aguardados de 2026.<\/p>\n<p>Leia tamb\u00e9m: <a href=\"https:\/\/caras.com.br\/datas-especiais\/jose-loreto-e-debora-nascimento-celebram-o-natal-ao-lado-da-filha-fotos.phtml\" rel=\"nofollow noopener\" target=\"_blank\">Jos\u00e9 Loreto e D\u00e9bora Nascimento celebram o Natal ao lado da filha<\/a><\/p>\n<p>        <a href=\"https:\/\/caras.com.br\/autor\/izabella-nicolau\" rel=\"nofollow noopener\" target=\"_blank\">&#13;<br \/>\n          <img loading=\"lazy\" decoding=\"async\" alt=\"Izabella Nicolau\" src=\"https:\/\/www.europesays.com\/pt\/wp-content\/uploads\/2025\/10\/1761546134_794_whatsapp_image_2025-08-12_at_15.10.50_1_sqmd.jpeg\" class=\"avatar avatar-115 photo rounded-circle\" height=\"115\" width=\"115\"\/>        <\/a><\/p>\n<p><strong>Izabella Nicolau<\/strong> \u00e9 rep\u00f3rter de conte\u00fado do site CARAS. Formada em jornalismo, j\u00e1 passou por sites como Observat\u00f3rio do Cinema e Ultraverso. Escreve sobre cultura, entretenimento e celebridades.<\/p>\n<ul class=\"terms-list post_tag list-inline\">\n<li class=\"fernanda-marques list-inline-item\">\n\t\t\t\t\t<a href=\"https:\/\/caras.com.br\/tags\/fernanda-marques\" class=\"item-category\" rel=\"nofollow noopener\" target=\"_blank\">Fernanda Marques<\/a>\n\t\t\t\t<\/li>\n<li class=\"jose-loreto list-inline-item\">\n\t\t\t\t\t<a href=\"https:\/\/caras.com.br\/tags\/jose-loreto\" class=\"item-category\" rel=\"nofollow noopener\" target=\"_blank\">Jos\u00e9 Loreto<\/a>\n\t\t\t\t<\/li>\n<\/ul>\n<p>\t                                            <script async src=\"\/\/www.instagram.com\/embed.js\"><\/script><\/p>\n","protected":false},"excerpt":{"rendered":"O clima de romance marcou a participa\u00e7\u00e3o de Jos\u00e9 Loreto no programa Encontro com Patr\u00edcia Poeta, exibido nesta&hellip;\n","protected":false},"author":2,"featured_media":230915,"comment_status":"","ping_status":"","sticky":false,"template":"","format":"standard","meta":{"footnotes":""},"categories":[145],"tags":[211,210,114,115,31869,13039,32,33],"class_list":{"0":"post-230914","1":"post","2":"type-post","3":"status-publish","4":"format-standard","5":"has-post-thumbnail","7":"category-celebridades","8":"tag-celebridades","9":"tag-celebrities","10":"tag-entertainment","11":"tag-entretenimento","12":"tag-fernanda-marques","13":"tag-jose-loreto","14":"tag-portugal","15":"tag-pt"},"share_on_mastodon":{"url":"https:\/\/pubeurope.com\/@pt\/115902287926123601","error":""},"_links":{"self":[{"href":"https:\/\/www.europesays.com\/pt\/wp-json\/wp\/v2\/posts\/230914","targetHints":{"allow":["GET"]}}],"collection":[{"href":"https:\/\/www.europesays.com\/pt\/wp-json\/wp\/v2\/posts"}],"about":[{"href":"https:\/\/www.europesays.com\/pt\/wp-json\/wp\/v2\/types\/post"}],"author":[{"embeddable":true,"href":"https:\/\/www.europesays.com\/pt\/wp-json\/wp\/v2\/users\/2"}],"replies":[{"embeddable":true,"href":"https:\/\/www.europesays.com\/pt\/wp-json\/wp\/v2\/comments?post=230914"}],"version-history":[{"count":0,"href":"https:\/\/www.europesays.com\/pt\/wp-json\/wp\/v2\/posts\/230914\/revisions"}],"wp:featuredmedia":[{"embeddable":true,"href":"https:\/\/www.europesays.com\/pt\/wp-json\/wp\/v2\/media\/230915"}],"wp:attachment":[{"href":"https:\/\/www.europesays.com\/pt\/wp-json\/wp\/v2\/media?parent=230914"}],"wp:term":[{"taxonomy":"category","embeddable":true,"href":"https:\/\/www.europesays.com\/pt\/wp-json\/wp\/v2\/categories?post=230914"},{"taxonomy":"post_tag","embeddable":true,"href":"https:\/\/www.europesays.com\/pt\/wp-json\/wp\/v2\/tags?post=230914"}],"curies":[{"name":"wp","href":"https:\/\/api.w.org\/{rel}","templated":true}]}}