{"id":230916,"date":"2026-01-16T01:57:16","date_gmt":"2026-01-16T01:57:16","guid":{"rendered":"https:\/\/www.europesays.com\/pt\/230916\/"},"modified":"2026-01-16T01:57:16","modified_gmt":"2026-01-16T01:57:16","slug":"pessoa-proxima-a-maycon-douglas-surpreende-com-revelacao-fiz-questao-de-gravar-isso-em-mim-selfie","status":"publish","type":"post","link":"https:\/\/www.europesays.com\/pt\/230916\/","title":{"rendered":"Pessoa pr\u00f3xima a Maycon Douglas surpreende com revela\u00e7\u00e3o: &quot;Fiz quest\u00e3o de gravar isso em mim&quot; &#8211; SELFIE"},"content":{"rendered":"<ol>\n<li><a href=\"https:\/\/news.google.com\/rss\/articles\/CBMi_gFBVV95cUxOUGMzSmVyc194U09IMzJfTHlkU2RhNHpBNkN0LWQ1Q1NuOXNZTzY0cnhQWGNmZWs4eGdzSDgtalVSOXgxdlVKb2VsU1FrTXBkd1B6U29uZjZoRGs3cDdjV3hCNHdmdkZNSVhPSmR4V2Z1RWpYTGM4OGU0d3dNajJpaDdSUTlNNEJMWU1NdlF5ZVBWX1QydTl6eng0bjJKZjY2NFFPMzFZSmVMVVUyM2ZhRnFRYUhhTTEzdzhFSUh0RzI1bTZ3eGMwb3pjd01NbUMtXzFqeml3YlYwVkVrMWdpdEU5dVVlZlFKQ1VkZGpsZnFVdV96a21xdVNpVFMtdw?oc=5\" target=\"_blank\" rel=\"nofollow noopener\">Pessoa pr\u00f3xima a Maycon Douglas surpreende com revela\u00e7\u00e3o: &#8220;Fiz quest\u00e3o de gravar isso em mim&#8221;<\/a>&nbsp;&nbsp;SELFIE<\/li>\n<li><a href=\"https:\/\/news.google.com\/rss\/articles\/CBMi4wFBVV95cUxOZ3IwN1gweXlMbUFfME9nODRGclNrbFFiVF91TnptLWhuU2pZWW5YLW83VmhJNjlSVDgxMGtVcnB2VVhldlAzOGtObGxzMmpXVzF0dVZhYWpJY0duckZ2OC00dEpQTDdmVjIyT201Znl0QlJyQXFoa2ZjS3UtLW45cnVhN0kyWHNGU1pmWE1kYVd4NUpWT1BwWFZhbFMxckhzai1yNEE3SllxbU1GZTJUVW85LWVZa0ZZUkkzYXhaNGd3WE9PdHRiR2hnaTVuckZwWnd6RzMtNlBJUWswc0g1R3NTaw?oc=5\" target=\"_blank\" rel=\"nofollow noopener\">Namorada de Maycon Douglas presta-lhe homenagem com tatuagem ap\u00f3s trag\u00e9dia na Nazar\u00e9. Veja aqui as fotos<\/a>&nbsp;&nbsp;cmjornal.pt<\/li>\n<li><a href=\"https:\/\/news.google.com\/rss\/articles\/CBMi6AFBVV95cUxQaEZwZ1Z6enExOXNFVzd0RnE1MWFCbEhqbVRMSWxGR3pjaHRPMHA5SzV2WmdCMUlMQjJnMFNhLWVlMzc2Tjdfam8tbUJrYzVBZUpsMWdxQmV1TWtXSnVJM2dhZVR0TWpSTHBrdXk2NWRBMExwUThEYTE5MmdrVzhxZHZPNDM1N1dnR2stOXY5dElOSENqWV9kZHJwbWhqVDdtSGZXbW1TYVJBSDA2aTJaN1RfdnpvUTdROVFaa3R5bmVHX2ZsUkZHcEhnam5ydHNnTEdmaXRMSWFUZ0lpY1g0SDhsSUM5eWd40gHuAUFVX3lxTE5ob3pEM2lTVHVyLXdFQzdQdDl1dGtlakVYQ2tpbFIzS00zdVI0TmZKX3lNX3VXNVY5NF9RU281emtsOXNUcnpLU0lKMHFxekhOb0NweVVNMVUwbUJhWE9RYVByNTFBai1xSi1YMU01cHFZeG51NXg4UDM5NjJRY1NfMUJ2VmpaSXBEVGxDRG5jNnA5VzVjSnh4Rk1FRnBrXzhTV2IzYnk4bWFvNUV3NWJ4X1NEd2wyZjdJdjlZcVNaQ21JY2lkYmpLSkdJRU10cW1SaTVwX1FzQkNRaTI0aWU2V1BabDEybk85ZlJZd1E?oc=5\" target=\"_blank\" rel=\"nofollow noopener\">\u00abFoi tudo gravado numa noite\u00bb: Renata Reis revela detalhes de momento especial sobre Maycon Douglas<\/a>&nbsp;&nbsp;TVI<\/li>\n<li><a href=\"https:\/\/news.google.com\/rss\/articles\/CBMiqgFBVV95cUxQQzg4Wkt3MnluQlpjSGtUV3J6MjlWMlFkQXhqRXFlOGw4N1JSdGtNZGhfX1BpV1NjeVlVTE5wWEJnbGt3OXF5a1BXODRJa3dNYXBEblA4YmlkNHVVQXRUM0h4VXlyTkZuZ3liUFYzTk1xRzg0bkFLQTVXRzBYMzhrWDFfSVUwcTc4eF9nbXVWbmpTUVBZcUNEUzVxMDVreUEzd1BzOEdBenotQQ?oc=5\" target=\"_blank\" rel=\"nofollow noopener\">Namorada quebra o sil\u00eancio ap\u00f3s morte do DJ: \u201cOs c\u00e3es ladram\u2026\u201d<\/a>&nbsp;&nbsp;SAPO<\/li>\n<li><a href=\"https:\/\/news.google.com\/rss\/articles\/CBMivAFBVV95cUxQNmU3bWQ2dmVWX25FMk1QeXF0SUlNS25GQlJtRTd4WjE1VGRJdFh0ZUR1QXFOMGUyb19LTVBoNDdZLS03eGxKbUh1bHBNM1Y0MjctUXZ1Nm5aZFBWOWIxVXloNjN0dVFYUWhpS3JQRms4R0piVnBuQVlLY3I1c1dHRm9NQ1FOSUdQVUNDX0dYeFF2OWJuckd1T0hBQUdhaG5uYzlKRU9rTkl5eEZzNDJLdnpUVzZkcW1YLWE1Ng?oc=5\" target=\"_blank\" rel=\"nofollow noopener\">Maycon Douglas- Alvo de &#8220;onda de \u00f3dio&#8221;, Raquel Coelho deixa mensagem avassaladora: &#8220;Como diria o Maycon&#8230;&#8221;<\/a>&nbsp;&nbsp;TV 7 Dias<\/li>\n<\/ol>\n","protected":false},"excerpt":{"rendered":"Pessoa pr\u00f3xima a Maycon Douglas surpreende com revela\u00e7\u00e3o: &#8220;Fiz quest\u00e3o de gravar isso em mim&#8221;&nbsp;&nbsp;SELFIE Namorada de Maycon&hellip;\n","protected":false},"author":2,"featured_media":225042,"comment_status":"","ping_status":"","sticky":false,"template":"","format":"standard","meta":{"footnotes":""},"categories":[142],"tags":[114,115,32,33,151],"class_list":{"0":"post-230916","1":"post","2":"type-post","3":"status-publish","4":"format-standard","5":"has-post-thumbnail","7":"category-tv","8":"tag-entertainment","9":"tag-entretenimento","10":"tag-portugal","11":"tag-pt","12":"tag-tv"},"share_on_mastodon":{"url":"https:\/\/pubeurope.com\/@pt\/115902299683692671","error":""},"_links":{"self":[{"href":"https:\/\/www.europesays.com\/pt\/wp-json\/wp\/v2\/posts\/230916","targetHints":{"allow":["GET"]}}],"collection":[{"href":"https:\/\/www.europesays.com\/pt\/wp-json\/wp\/v2\/posts"}],"about":[{"href":"https:\/\/www.europesays.com\/pt\/wp-json\/wp\/v2\/types\/post"}],"author":[{"embeddable":true,"href":"https:\/\/www.europesays.com\/pt\/wp-json\/wp\/v2\/users\/2"}],"replies":[{"embeddable":true,"href":"https:\/\/www.europesays.com\/pt\/wp-json\/wp\/v2\/comments?post=230916"}],"version-history":[{"count":0,"href":"https:\/\/www.europesays.com\/pt\/wp-json\/wp\/v2\/posts\/230916\/revisions"}],"wp:featuredmedia":[{"embeddable":true,"href":"https:\/\/www.europesays.com\/pt\/wp-json\/wp\/v2\/media\/225042"}],"wp:attachment":[{"href":"https:\/\/www.europesays.com\/pt\/wp-json\/wp\/v2\/media?parent=230916"}],"wp:term":[{"taxonomy":"category","embeddable":true,"href":"https:\/\/www.europesays.com\/pt\/wp-json\/wp\/v2\/categories?post=230916"},{"taxonomy":"post_tag","embeddable":true,"href":"https:\/\/www.europesays.com\/pt\/wp-json\/wp\/v2\/tags?post=230916"}],"curies":[{"name":"wp","href":"https:\/\/api.w.org\/{rel}","templated":true}]}}