{"id":230917,"date":"2026-01-16T01:59:35","date_gmt":"2026-01-16T01:59:35","guid":{"rendered":"https:\/\/www.europesays.com\/pt\/230917\/"},"modified":"2026-01-16T01:59:35","modified_gmt":"2026-01-16T01:59:35","slug":"matt-damon-e-ben-affleck-o-que-ver-no-streaming-na-sexta-15-01-2026-ilustrada","status":"publish","type":"post","link":"https:\/\/www.europesays.com\/pt\/230917\/","title":{"rendered":"Matt Damon e Ben Affleck: o que ver no streaming na sexta &#8211; 15\/01\/2026 &#8211; Ilustrada"},"content":{"rendered":"<p>O filme de a\u00e7\u00e3o com <a href=\"https:\/\/www1.folha.uol.com.br\/ilustrada\/2025\/12\/a-odisseia-de-christopher-nolan-tem-primeiro-trailer-divulgado-veja-video.shtml\" rel=\"nofollow noopener\" target=\"\">Matt Damon<\/a> e <a href=\"https:\/\/www1.folha.uol.com.br\/folha-topicos\/ben-affleck\/\" rel=\"nofollow noopener\" target=\"_blank\">Ben Affleck<\/a> \u00e9 inspirado numa hist\u00f3ria real sobre uma equipe de policiais de Miami, nos Estados Unidos, que encontra US$ 24 milh\u00f5es num esconderijo abandonado. Obrigados por lei a contar o dinheiro antes de deixarem o local, os policiais e a equipe v\u00e3o passar por um teste brutal de lealdade e sobreviv\u00eancia durante a noite. Com dire\u00e7\u00e3o de Joe Carnahan, o longa ainda tem Teyana Taylor no elenco.<\/p>\n<p><strong>Onde ver:<\/strong> Netflix, 16 anos<\/p>\n<p>O Melhor de N\u00f3s Dois<\/p>\n<p>Kyra Sedgwick e Kevin Bacon atuam juntos pela primeira vez em vinte anos nesta com\u00e9dia dram\u00e1tica sobre um seguran\u00e7a divorciado e uma urologista infeliz no casamento. Eles desenvolvem uma amizade intensa a partir de mensagens de texto.<\/p>\n<p><strong>Onde ver:<\/strong> Lojas digitais, 16 anos<\/p>\n<p>Inc\u00eandios<\/p>\n<p>Depois da morte da m\u00e3e, os irm\u00e3os Jeanne e Simon viajam ao Oriente M\u00e9dio para desvendar sua hist\u00f3ria familiar e cumprir os \u00faltimos desejos dela \u2014encontrar um pai que acreditavam morto e um irm\u00e3o que tamb\u00e9m n\u00e3o sabiam que existia. O drama dirigido por <a href=\"https:\/\/www1.folha.uol.com.br\/ilustrada\/2025\/06\/denis-villeneuve-de-duna-sera-o-diretor-do-proximo-filme-de-james-bond.shtml\" rel=\"nofollow noopener\" target=\"\">Denis Villeneuve<\/a> foi indicado ao <a href=\"https:\/\/www1.folha.uol.com.br\/folha-topicos\/oscar\/\" rel=\"nofollow noopener\" target=\"_blank\">Oscar<\/a> de melhor filme estrangeiro em 2011, representando o Canad\u00e1.<\/p>\n<p><strong>Onde ver:<\/strong> Filmelier+, Reserva Imovision, 14 anos<\/p>\n<p>O Amor Pode Ser Traduzido?<\/p>\n<p>O dorama aposta na linguagem n\u00e3o verbal do amor enquanto diferentes culturas se chocam. Uma int\u00e9rprete trabalha para um astro internacional e, \u00e0 medida que traduz entrevistas e situa\u00e7\u00f5es delicadas, passa a decifrar as contradi\u00e7\u00f5es emocionais do artista.<\/p>\n<p><strong>Onde ver: <\/strong>Netflix, 14 anos<\/p>\n<p>Veneza<\/p>\n<p>A espanhola Carmen Maura interpreta Gringa, dona de um bordel no interior do pa\u00eds. Cega e doente, ela tem como \u00faltimo desejo viajar a Veneza, na It\u00e1lia, para pedir perd\u00e3o ao \u00fanico homem que amou e abandonou anos antes. A com\u00e9dia nacional \u00e9 dirigida por Miguel Falabella e tem Dira Paes no elenco.<\/p>\n<p><strong>Onde ver:<\/strong> Film&amp;Arts, 22h, 16 anos<\/p>\n<p>Sa\u00fade Tem Cura<\/p>\n<p>O document\u00e1rio rev\u00ea o passado e o presente do <a href=\"https:\/\/www1.folha.uol.com.br\/folha-topicos\/sus\/\" rel=\"nofollow noopener\" target=\"\">Sistema \u00danico de Sa\u00fade<\/a>, acompanhando os debates que levaram \u00e0 cria\u00e7\u00e3o do \u00f3rg\u00e3o, sua pot\u00eancia e seus desafios \u2014desde antes da pandemia at\u00e9 sua urg\u00eancia para o futuro. Um dos \u00faltimos trabalhos do diretor <a href=\"https:\/\/www1.folha.uol.com.br\/ilustrada\/2025\/09\/morre-silvio-tendler-um-dos-maiores-documentaristas-brasileiros-aos-75-anos.shtml\" rel=\"nofollow noopener\" target=\"\">Silvio Tendler<\/a>.<\/p>\n<p><strong>Onde ver:<\/strong> Sesc TV e Sesc Digital, 22h, livre<\/p>\n<p>O jornalista e colunista <a href=\"https:\/\/www1.folha.uol.com.br\/colunas\/mariosergioconti\/\" rel=\"nofollow noopener\" target=\"\">Mario Sergio Conti<\/a> conversa com Bernardo Ricupero, historiador e cientista social, sobre a situa\u00e7\u00e3o geopol\u00edtica do mundo hoje. O planeta caminha para uma terceira guerra mundial? Quais os impactos do cen\u00e1rio internacional para o Brasil e a Am\u00e9rica Latina?<\/p>\n<p><strong>Onde ver:<\/strong> GloboNews, 23h30, livre<\/p>\n","protected":false},"excerpt":{"rendered":"O filme de a\u00e7\u00e3o com Matt Damon e Ben Affleck \u00e9 inspirado numa hist\u00f3ria real sobre uma equipe&hellip;\n","protected":false},"author":2,"featured_media":230918,"comment_status":"","ping_status":"","sticky":false,"template":"","format":"standard","meta":{"footnotes":""},"categories":[140],"tags":[18248,470,6702,114,115,147,148,236,43418,7533,4005,146,1409,32,33,4806,600],"class_list":{"0":"post-230917","1":"post","2":"type-post","3":"status-publish","4":"format-standard","5":"has-post-thumbnail","7":"category-filmes","8":"tag-ben-affleck","9":"tag-cinema","10":"tag-denis-villeneuve","11":"tag-entertainment","12":"tag-entretenimento","13":"tag-film","14":"tag-filmes","15":"tag-folha","16":"tag-kevin-bacon","17":"tag-mario-sergio-conti","18":"tag-matt-damon","19":"tag-movies","20":"tag-oscar","21":"tag-portugal","22":"tag-pt","23":"tag-sistema-unico-de-saude","24":"tag-veja-video"},"share_on_mastodon":{"url":"https:\/\/pubeurope.com\/@pt\/115902307593753832","error":""},"_links":{"self":[{"href":"https:\/\/www.europesays.com\/pt\/wp-json\/wp\/v2\/posts\/230917","targetHints":{"allow":["GET"]}}],"collection":[{"href":"https:\/\/www.europesays.com\/pt\/wp-json\/wp\/v2\/posts"}],"about":[{"href":"https:\/\/www.europesays.com\/pt\/wp-json\/wp\/v2\/types\/post"}],"author":[{"embeddable":true,"href":"https:\/\/www.europesays.com\/pt\/wp-json\/wp\/v2\/users\/2"}],"replies":[{"embeddable":true,"href":"https:\/\/www.europesays.com\/pt\/wp-json\/wp\/v2\/comments?post=230917"}],"version-history":[{"count":0,"href":"https:\/\/www.europesays.com\/pt\/wp-json\/wp\/v2\/posts\/230917\/revisions"}],"wp:featuredmedia":[{"embeddable":true,"href":"https:\/\/www.europesays.com\/pt\/wp-json\/wp\/v2\/media\/230918"}],"wp:attachment":[{"href":"https:\/\/www.europesays.com\/pt\/wp-json\/wp\/v2\/media?parent=230917"}],"wp:term":[{"taxonomy":"category","embeddable":true,"href":"https:\/\/www.europesays.com\/pt\/wp-json\/wp\/v2\/categories?post=230917"},{"taxonomy":"post_tag","embeddable":true,"href":"https:\/\/www.europesays.com\/pt\/wp-json\/wp\/v2\/tags?post=230917"}],"curies":[{"name":"wp","href":"https:\/\/api.w.org\/{rel}","templated":true}]}}